{"id":1691,"date":"2017-06-03T10:11:16","date_gmt":"2017-06-03T13:11:16","guid":{"rendered":"http:\/\/www.oroverde.com.ar\/web\/?p=1691"},"modified":"2017-06-03T10:11:27","modified_gmt":"2017-06-03T13:11:27","slug":"la-totalidad-de-los-caminos-vecinales-estaran-reparados-a-fin-de-mes","status":"publish","type":"post","link":"https:\/\/www.oroverde.com.ar\/web\/la-totalidad-de-los-caminos-vecinales-estaran-reparados-a-fin-de-mes\/","title":{"rendered":"La totalidad de los caminos vecinales estar\u00e1n reparados a fin de mes"},"content":{"rendered":"<p style=\"text-align: justify;\"><a href=\"http:\/\/www.oroverde.com.ar\/web\/wp-content\/uploads\/2017\/06\/Caminos-vecinales-2.jpeg\"><img fetchpriority=\"high\" decoding=\"async\" class=\"size-medium wp-image-1693 alignleft\" src=\"http:\/\/www.oroverde.com.ar\/web\/wp-content\/uploads\/2017\/06\/Caminos-vecinales-2-300x169.jpeg\" alt=\"\" width=\"300\" height=\"169\" srcset=\"https:\/\/www.oroverde.com.ar\/web\/wp-content\/uploads\/2017\/06\/Caminos-vecinales-2-300x169.jpeg 300w, https:\/\/www.oroverde.com.ar\/web\/wp-content\/uploads\/2017\/06\/Caminos-vecinales-2-1024x576.jpeg 1024w, https:\/\/www.oroverde.com.ar\/web\/wp-content\/uploads\/2017\/06\/Caminos-vecinales-2-150x84.jpeg 150w, https:\/\/www.oroverde.com.ar\/web\/wp-content\/uploads\/2017\/06\/Caminos-vecinales-2-768x432.jpeg 768w, https:\/\/www.oroverde.com.ar\/web\/wp-content\/uploads\/2017\/06\/Caminos-vecinales-2-1226x690.jpeg 1226w, https:\/\/www.oroverde.com.ar\/web\/wp-content\/uploads\/2017\/06\/Caminos-vecinales-2-850x478.jpeg 850w, https:\/\/www.oroverde.com.ar\/web\/wp-content\/uploads\/2017\/06\/Caminos-vecinales-2.jpeg 1280w\" sizes=\"(max-width: 300px) 100vw, 300px\" \/><\/a>La mayor parte de los caminos vecinales del ejido se hab\u00edan deteriorado por las persistentes lluvias de este a\u00f1o. El personal de Mantenimiento hace varias semanas que trabaja en la reparaci\u00f3n de estas rutas. Se colocaron m\u00e1s de 5 mil metros c\u00fabicos de broza, lo que equivale, s\u00f3lo en este material, una inversi\u00f3n de aproximadamente 252 mil pesos.<\/p>\n<p style=\"text-align: justify;\"><!--more-->El estado de los caminos vecinales complicaba el tr\u00e1nsito a los vecinos y vecinas que viven en la zona rural de Oro Verde, ya que se hab\u00edan deteriorado por las inclemencias clim\u00e1ticas. Desde los primeros d\u00edas de mayo el personal de Mantenimiento trabaja en estos caminos colocando broza, reacondicionando las banquinas, limpiando cunetas y reemplazando tubos de alcantarilla.<\/p>\n<p style=\"text-align: justify;\"><a href=\"http:\/\/www.oroverde.com.ar\/web\/wp-content\/uploads\/2017\/06\/Caminos-vecinales-1.jpeg\"><img decoding=\"async\" class=\"size-medium wp-image-1692 alignleft\" src=\"http:\/\/www.oroverde.com.ar\/web\/wp-content\/uploads\/2017\/06\/Caminos-vecinales-1-300x169.jpeg\" alt=\"\" width=\"300\" height=\"169\" srcset=\"https:\/\/www.oroverde.com.ar\/web\/wp-content\/uploads\/2017\/06\/Caminos-vecinales-1-300x169.jpeg 300w, https:\/\/www.oroverde.com.ar\/web\/wp-content\/uploads\/2017\/06\/Caminos-vecinales-1-1024x576.jpeg 1024w, https:\/\/www.oroverde.com.ar\/web\/wp-content\/uploads\/2017\/06\/Caminos-vecinales-1-150x84.jpeg 150w, https:\/\/www.oroverde.com.ar\/web\/wp-content\/uploads\/2017\/06\/Caminos-vecinales-1-768x432.jpeg 768w, https:\/\/www.oroverde.com.ar\/web\/wp-content\/uploads\/2017\/06\/Caminos-vecinales-1-1226x690.jpeg 1226w, https:\/\/www.oroverde.com.ar\/web\/wp-content\/uploads\/2017\/06\/Caminos-vecinales-1-850x478.jpeg 850w, https:\/\/www.oroverde.com.ar\/web\/wp-content\/uploads\/2017\/06\/Caminos-vecinales-1.jpeg 1280w\" sizes=\"(max-width: 300px) 100vw, 300px\" \/><\/a>Estos trabajos se hicieron en el Camino del Medio que une Oro Verde con Arroyo Saucesito, el camino vecinal que marca el l\u00edmite con el ejido de Paran\u00e1; el que une Oro Verde con Aldea Salto; el de las inmediaciones del Instituto Nacional de Tecnolog\u00eda Agropecuaria (INTA); el camino de la zona del Cementerio Municipal y Los Cha\u00f1ares al final.<\/p>\n<p style=\"text-align: justify;\">Desde que comenz\u00f3 la obra se utilizaron m\u00e1s de 5 mil metros c\u00fabicos de broza que equivalen a m\u00e1s de 252 mil pesos. Estos gastos, junto al alquiler de maquinarias, fueron afrontados con presupuesto municipal.<\/p>\n<p>Fuente: Municipio de Oro Verde<\/p>\n","protected":false},"excerpt":{"rendered":"<p>La mayor parte de los caminos vecinales del ejido se hab\u00edan deteriorado por las persistentes lluvias de este a\u00f1o. El personal de Mantenimiento hace varias semanas que trabaja en la&#8230;<\/p>\n","protected":false},"author":2,"featured_media":0,"comment_status":"open","ping_status":"closed","sticky":false,"template":"","format":"standard","meta":{"_eb_attr":"","footnotes":""},"categories":[5],"tags":[],"class_list":["post-1691","post","type-post","status-publish","format-standard","hentry","category-noticias-municipales","wpcat-5-id"],"_links":{"self":[{"href":"https:\/\/www.oroverde.com.ar\/web\/wp-json\/wp\/v2\/posts\/1691","targetHints":{"allow":["GET"]}}],"collection":[{"href":"https:\/\/www.oroverde.com.ar\/web\/wp-json\/wp\/v2\/posts"}],"about":[{"href":"https:\/\/www.oroverde.com.ar\/web\/wp-json\/wp\/v2\/types\/post"}],"author":[{"embeddable":true,"href":"https:\/\/www.oroverde.com.ar\/web\/wp-json\/wp\/v2\/users\/2"}],"replies":[{"embeddable":true,"href":"https:\/\/www.oroverde.com.ar\/web\/wp-json\/wp\/v2\/comments?post=1691"}],"version-history":[{"count":1,"href":"https:\/\/www.oroverde.com.ar\/web\/wp-json\/wp\/v2\/posts\/1691\/revisions"}],"predecessor-version":[{"id":1694,"href":"https:\/\/www.oroverde.com.ar\/web\/wp-json\/wp\/v2\/posts\/1691\/revisions\/1694"}],"wp:attachment":[{"href":"https:\/\/www.oroverde.com.ar\/web\/wp-json\/wp\/v2\/media?parent=1691"}],"wp:term":[{"taxonomy":"category","embeddable":true,"href":"https:\/\/www.oroverde.com.ar\/web\/wp-json\/wp\/v2\/categories?post=1691"},{"taxonomy":"post_tag","embeddable":true,"href":"https:\/\/www.oroverde.com.ar\/web\/wp-json\/wp\/v2\/tags?post=1691"}],"curies":[{"name":"wp","href":"https:\/\/api.w.org\/{rel}","templated":true}]}}