{"id":1695,"date":"2017-06-03T10:20:47","date_gmt":"2017-06-03T13:20:47","guid":{"rendered":"http:\/\/www.oroverde.com.ar\/web\/?p=1695"},"modified":"2017-06-03T10:20:58","modified_gmt":"2017-06-03T13:20:58","slug":"taller-sobre-residuos-con-estudiantes-del-departamento-de-aplicacion","status":"publish","type":"post","link":"https:\/\/www.oroverde.com.ar\/web\/taller-sobre-residuos-con-estudiantes-del-departamento-de-aplicacion\/","title":{"rendered":"Taller sobre residuos con estudiantes del Departamento de Aplicaci\u00f3n"},"content":{"rendered":"<p style=\"text-align: justify;\"><a href=\"http:\/\/www.oroverde.com.ar\/web\/wp-content\/uploads\/2017\/06\/18920671_1192631367513316_1749568281915720646_n.jpg\"><img fetchpriority=\"high\" decoding=\"async\" class=\"size-medium wp-image-1696 alignleft\" src=\"http:\/\/www.oroverde.com.ar\/web\/wp-content\/uploads\/2017\/06\/18920671_1192631367513316_1749568281915720646_n-300x194.jpg\" alt=\"\" width=\"300\" height=\"194\" srcset=\"https:\/\/www.oroverde.com.ar\/web\/wp-content\/uploads\/2017\/06\/18920671_1192631367513316_1749568281915720646_n-300x194.jpg 300w, https:\/\/www.oroverde.com.ar\/web\/wp-content\/uploads\/2017\/06\/18920671_1192631367513316_1749568281915720646_n-150x97.jpg 150w, https:\/\/www.oroverde.com.ar\/web\/wp-content\/uploads\/2017\/06\/18920671_1192631367513316_1749568281915720646_n-768x497.jpg 768w, https:\/\/www.oroverde.com.ar\/web\/wp-content\/uploads\/2017\/06\/18920671_1192631367513316_1749568281915720646_n-850x550.jpg 850w, https:\/\/www.oroverde.com.ar\/web\/wp-content\/uploads\/2017\/06\/18920671_1192631367513316_1749568281915720646_n.jpg 960w\" sizes=\"(max-width: 300px) 100vw, 300px\" \/><\/a>Estudiantes del Departamento de Aplicaci\u00f3n \u00abAlfredo Alfonsini\u00bb, acompa\u00f1ados de sus docentes, fue el primer grupo que particip\u00f3 de un taller sobre separaci\u00f3n de residuos y medio ambiente. Adem\u00e1s de conocer el Programa Basura Cero, aprendieron de manera pr\u00e1ctica la diferencia entre \u00abbasura\u00bb y \u00abresiduo\u00bb; c\u00f3mo separar las fracciones y qu\u00e9 se hace con cada una de ellas en la Planta de Tratamiento y el Biodigestor.<\/p>\n<p style=\"text-align: justify;\"><!--more--><a href=\"http:\/\/www.oroverde.com.ar\/web\/wp-content\/uploads\/2017\/06\/18813684_1192630920846694_1566891749054449951_n.jpg\"><img decoding=\"async\" class=\"size-medium wp-image-1697 alignleft\" src=\"http:\/\/www.oroverde.com.ar\/web\/wp-content\/uploads\/2017\/06\/18813684_1192630920846694_1566891749054449951_n-300x200.jpg\" alt=\"\" width=\"300\" height=\"200\" srcset=\"https:\/\/www.oroverde.com.ar\/web\/wp-content\/uploads\/2017\/06\/18813684_1192630920846694_1566891749054449951_n-300x200.jpg 300w, https:\/\/www.oroverde.com.ar\/web\/wp-content\/uploads\/2017\/06\/18813684_1192630920846694_1566891749054449951_n-150x100.jpg 150w, https:\/\/www.oroverde.com.ar\/web\/wp-content\/uploads\/2017\/06\/18813684_1192630920846694_1566891749054449951_n-768x512.jpg 768w, https:\/\/www.oroverde.com.ar\/web\/wp-content\/uploads\/2017\/06\/18813684_1192630920846694_1566891749054449951_n-850x567.jpg 850w, https:\/\/www.oroverde.com.ar\/web\/wp-content\/uploads\/2017\/06\/18813684_1192630920846694_1566891749054449951_n.jpg 960w\" sizes=\"(max-width: 300px) 100vw, 300px\" \/><\/a>Este mi\u00e9rcoles chicos y chicas del Departamento de Aplicaci\u00f3n \u201cAlfredo Alfonsini\u201d, estuvieron en el Sal\u00f3n Auditorio municipal para participar de una actividad coordinada por Javier Fern\u00e1ndez, responsable del \u00e1rea de Ambiente y GIRSU, y los promotores ambientales de Basura Cero Oro Verde. All\u00ed, llevaron adelante una charla donde se mostr\u00f3 el programa de gesti\u00f3n de residuos local, la separaci\u00f3n y diferentes tipos de residuos. M\u00e1s tarde participaron de un juego did\u00e1ctico con el objetivo de reconocer las tres fracciones: org\u00e1nicos, recuperables y sanitarios.<\/p>\n<p style=\"text-align: justify;\"><a href=\"http:\/\/www.oroverde.com.ar\/web\/wp-content\/uploads\/2017\/06\/18740815_1192630904180029_4593907787678396561_n.jpg\"><img decoding=\"async\" class=\"size-medium wp-image-1699 alignleft\" src=\"http:\/\/www.oroverde.com.ar\/web\/wp-content\/uploads\/2017\/06\/18740815_1192630904180029_4593907787678396561_n-300x200.jpg\" alt=\"\" width=\"300\" height=\"200\" srcset=\"https:\/\/www.oroverde.com.ar\/web\/wp-content\/uploads\/2017\/06\/18740815_1192630904180029_4593907787678396561_n-300x200.jpg 300w, https:\/\/www.oroverde.com.ar\/web\/wp-content\/uploads\/2017\/06\/18740815_1192630904180029_4593907787678396561_n-150x100.jpg 150w, https:\/\/www.oroverde.com.ar\/web\/wp-content\/uploads\/2017\/06\/18740815_1192630904180029_4593907787678396561_n-768x512.jpg 768w, https:\/\/www.oroverde.com.ar\/web\/wp-content\/uploads\/2017\/06\/18740815_1192630904180029_4593907787678396561_n-850x567.jpg 850w, https:\/\/www.oroverde.com.ar\/web\/wp-content\/uploads\/2017\/06\/18740815_1192630904180029_4593907787678396561_n.jpg 960w\" sizes=\"(max-width: 300px) 100vw, 300px\" \/><\/a>Posteriormente hicieron un recorrido por el Municipio donde se les explic\u00f3 el funcionamiento del Estado municipal.<\/p>\n<p>&nbsp;<\/p>\n<p>Fuente: Municipio de Oro Verde<\/p>\n","protected":false},"excerpt":{"rendered":"<p>Estudiantes del Departamento de Aplicaci\u00f3n \u00abAlfredo Alfonsini\u00bb, acompa\u00f1ados de sus docentes, fue el primer grupo que particip\u00f3 de un taller sobre separaci\u00f3n de residuos y medio ambiente. Adem\u00e1s de conocer&#8230;<\/p>\n","protected":false},"author":2,"featured_media":0,"comment_status":"open","ping_status":"closed","sticky":false,"template":"","format":"standard","meta":{"_eb_attr":"","footnotes":""},"categories":[5],"tags":[],"class_list":["post-1695","post","type-post","status-publish","format-standard","hentry","category-noticias-municipales","wpcat-5-id"],"_links":{"self":[{"href":"https:\/\/www.oroverde.com.ar\/web\/wp-json\/wp\/v2\/posts\/1695","targetHints":{"allow":["GET"]}}],"collection":[{"href":"https:\/\/www.oroverde.com.ar\/web\/wp-json\/wp\/v2\/posts"}],"about":[{"href":"https:\/\/www.oroverde.com.ar\/web\/wp-json\/wp\/v2\/types\/post"}],"author":[{"embeddable":true,"href":"https:\/\/www.oroverde.com.ar\/web\/wp-json\/wp\/v2\/users\/2"}],"replies":[{"embeddable":true,"href":"https:\/\/www.oroverde.com.ar\/web\/wp-json\/wp\/v2\/comments?post=1695"}],"version-history":[{"count":1,"href":"https:\/\/www.oroverde.com.ar\/web\/wp-json\/wp\/v2\/posts\/1695\/revisions"}],"predecessor-version":[{"id":1700,"href":"https:\/\/www.oroverde.com.ar\/web\/wp-json\/wp\/v2\/posts\/1695\/revisions\/1700"}],"wp:attachment":[{"href":"https:\/\/www.oroverde.com.ar\/web\/wp-json\/wp\/v2\/media?parent=1695"}],"wp:term":[{"taxonomy":"category","embeddable":true,"href":"https:\/\/www.oroverde.com.ar\/web\/wp-json\/wp\/v2\/categories?post=1695"},{"taxonomy":"post_tag","embeddable":true,"href":"https:\/\/www.oroverde.com.ar\/web\/wp-json\/wp\/v2\/tags?post=1695"}],"curies":[{"name":"wp","href":"https:\/\/api.w.org\/{rel}","templated":true}]}}