{"id":1701,"date":"2017-06-03T10:33:21","date_gmt":"2017-06-03T13:33:21","guid":{"rendered":"http:\/\/www.oroverde.com.ar\/web\/?p=1701"},"modified":"2017-06-03T10:33:21","modified_gmt":"2017-06-03T13:33:21","slug":"maraton-oro-verde-corre-2","status":"publish","type":"post","link":"https:\/\/www.oroverde.com.ar\/web\/maraton-oro-verde-corre-2\/","title":{"rendered":"Marat\u00f3n Oro Verde Corre"},"content":{"rendered":"<p style=\"text-align: justify;\"><a href=\"http:\/\/www.oroverde.com.ar\/web\/wp-content\/uploads\/2017\/05\/Oro-Verde-corre-publi-2.jpg\"><img fetchpriority=\"high\" decoding=\"async\" class=\"size-medium wp-image-1673 alignleft\" src=\"http:\/\/www.oroverde.com.ar\/web\/wp-content\/uploads\/2017\/05\/Oro-Verde-corre-publi-2-300x225.jpg\" alt=\"\" width=\"300\" height=\"225\" srcset=\"https:\/\/www.oroverde.com.ar\/web\/wp-content\/uploads\/2017\/05\/Oro-Verde-corre-publi-2-300x225.jpg 300w, https:\/\/www.oroverde.com.ar\/web\/wp-content\/uploads\/2017\/05\/Oro-Verde-corre-publi-2-1024x767.jpg 1024w, https:\/\/www.oroverde.com.ar\/web\/wp-content\/uploads\/2017\/05\/Oro-Verde-corre-publi-2-150x112.jpg 150w, https:\/\/www.oroverde.com.ar\/web\/wp-content\/uploads\/2017\/05\/Oro-Verde-corre-publi-2-768x575.jpg 768w, https:\/\/www.oroverde.com.ar\/web\/wp-content\/uploads\/2017\/05\/Oro-Verde-corre-publi-2-850x637.jpg 850w, https:\/\/www.oroverde.com.ar\/web\/wp-content\/uploads\/2017\/05\/Oro-Verde-corre-publi-2-480x360.jpg 480w, https:\/\/www.oroverde.com.ar\/web\/wp-content\/uploads\/2017\/05\/Oro-Verde-corre-publi-2.jpg 1060w\" sizes=\"(max-width: 300px) 100vw, 300px\" \/><\/a>La nueva edici\u00f3n de la Marat\u00f3n \u201cOro Verde corre\u201d de este fin de semana, ser\u00e1 una de las actividades m\u00e1s importantes de los festejos por los 30 a\u00f1os de la creaci\u00f3n del Municipio de Oro Verde. Se espera la presencia de un gran n\u00famero de corredores, tanto federados como libres. Contar\u00e1 con una carrera recreativa de 5 kil\u00f3metros y una competitiva de 10.<\/p>\n<p style=\"text-align: justify;\"><!--more-->La carrera estar\u00e1 fiscalizada por la Asociaci\u00f3n M\u00e1ster de Atletas entrerrianos (Amae), dentro del campeonato provincial de maratones y tendr\u00e1 un costo para los corredores libres de 300 pesos y de 200 para aquellos que est\u00e9n federados. Con la inscripci\u00f3n se ofrece una remera, refrigerio e hidrataci\u00f3n. Tambi\u00e9n se incluye la cobertura del seguro y habr\u00e1 servicio de ambulancia.<\/p>\n<p style=\"text-align: justify;\">Detalles y preguntas frecuentes<\/p>\n<p style=\"text-align: justify;\">\u00bfD\u00f3nde y cu\u00e1ndo? Frente al Museo Regional \u201cConrado Hasenauer\u201d, ubicado en Los Sauces y Los Tordos este domingo 4 de junio. Las acreditaciones ser\u00e1n a las 9 y la largada a partir de las 10.<\/p>\n<p style=\"text-align: justify;\">\u00bfC\u00f3mo me inscribo? La pre inscripci\u00f3n se realiza de manera online, y ese mismo d\u00eda desde las 9. Hay que tener en cuenta que solamente se puede inscribir a una persona por cuenta de correo electr\u00f3nico. Es decir si se inscriben dos corredores, cada uno deber\u00e1 tener asignada una cuenta diferente.<\/p>\n<p style=\"text-align: justify;\">\u00bfD\u00f3nde se paga la inscripci\u00f3n? En el momento de la acreditaci\u00f3n.<\/p>\n<p style=\"text-align: justify;\">\u00bfQu\u00e9 incluye la inscripci\u00f3n?\u00bfTengo que retirar un kit? Incluye una remera, refrigerio e hidrataci\u00f3n, junto a una cobertura de seguro. No es necesario retirar el kit, se entregar\u00e1 al momento de la acreditaci\u00f3n a cada corredor o corredora.<\/p>\n<p style=\"text-align: justify;\">\u00bfCorredores de la recreativa y caminantes pagan? No, la carrera es gratuita para los corredores y corredoras de la recreativa y caminantes. No se les entrega remera, pero s\u00ed una medalla al finalizar el circuito.<\/p>\n<p style=\"text-align: justify;\">\u00bfQu\u00e9 premios hay? Est\u00e1 previsto otorgar premios en efectivo a los primeros tres puestos de la general, por g\u00e9nero (2.000, 1.500 y 1.000). Adem\u00e1s, recibir\u00e1n premios del 1\u00b0 al 5\u00b0 en la categor\u00eda general; del 1\u00b0 al 5\u00b0 por categor\u00edas y otros regalos.<\/p>\n<p style=\"text-align: justify;\">\u00bfCu\u00e1les son las categor\u00edas? 5 km. recreativos, 5 km. Competitivos para Juveniles (de 17 a 19 a\u00f1os) y 10 km. competitivos para mayores.<\/p>\n<p>Fuente: Municipio de Oro Verde<\/p>\n","protected":false},"excerpt":{"rendered":"<p>La nueva edici\u00f3n de la Marat\u00f3n \u201cOro Verde corre\u201d de este fin de semana, ser\u00e1 una de las actividades m\u00e1s importantes de los festejos por los 30 a\u00f1os de la&#8230;<\/p>\n","protected":false},"author":2,"featured_media":0,"comment_status":"open","ping_status":"closed","sticky":false,"template":"","format":"standard","meta":{"_eb_attr":"","footnotes":""},"categories":[5],"tags":[],"class_list":["post-1701","post","type-post","status-publish","format-standard","hentry","category-noticias-municipales","wpcat-5-id"],"_links":{"self":[{"href":"https:\/\/www.oroverde.com.ar\/web\/wp-json\/wp\/v2\/posts\/1701","targetHints":{"allow":["GET"]}}],"collection":[{"href":"https:\/\/www.oroverde.com.ar\/web\/wp-json\/wp\/v2\/posts"}],"about":[{"href":"https:\/\/www.oroverde.com.ar\/web\/wp-json\/wp\/v2\/types\/post"}],"author":[{"embeddable":true,"href":"https:\/\/www.oroverde.com.ar\/web\/wp-json\/wp\/v2\/users\/2"}],"replies":[{"embeddable":true,"href":"https:\/\/www.oroverde.com.ar\/web\/wp-json\/wp\/v2\/comments?post=1701"}],"version-history":[{"count":1,"href":"https:\/\/www.oroverde.com.ar\/web\/wp-json\/wp\/v2\/posts\/1701\/revisions"}],"predecessor-version":[{"id":1702,"href":"https:\/\/www.oroverde.com.ar\/web\/wp-json\/wp\/v2\/posts\/1701\/revisions\/1702"}],"wp:attachment":[{"href":"https:\/\/www.oroverde.com.ar\/web\/wp-json\/wp\/v2\/media?parent=1701"}],"wp:term":[{"taxonomy":"category","embeddable":true,"href":"https:\/\/www.oroverde.com.ar\/web\/wp-json\/wp\/v2\/categories?post=1701"},{"taxonomy":"post_tag","embeddable":true,"href":"https:\/\/www.oroverde.com.ar\/web\/wp-json\/wp\/v2\/tags?post=1701"}],"curies":[{"name":"wp","href":"https:\/\/api.w.org\/{rel}","templated":true}]}}