{"id":1705,"date":"2017-06-10T10:05:03","date_gmt":"2017-06-10T13:05:03","guid":{"rendered":"http:\/\/www.oroverde.com.ar\/web\/?p=1705"},"modified":"2017-06-10T10:10:15","modified_gmt":"2017-06-10T13:10:15","slug":"terminaron-el-salon-de-lomas-de-oro-verde","status":"publish","type":"post","link":"https:\/\/www.oroverde.com.ar\/web\/terminaron-el-salon-de-lomas-de-oro-verde\/","title":{"rendered":"Terminaron el Sal\u00f3n de Lomas de Oro Verde"},"content":{"rendered":"<p style=\"text-align: justify;\"><a href=\"http:\/\/www.oroverde.com.ar\/web\/wp-content\/uploads\/2017\/06\/Sal\u00f3n-Lomas-de-Oro-Verde-2.jpg\"><img fetchpriority=\"high\" decoding=\"async\" class=\"size-medium wp-image-1706 alignleft\" src=\"http:\/\/www.oroverde.com.ar\/web\/wp-content\/uploads\/2017\/06\/Sal\u00f3n-Lomas-de-Oro-Verde-2-300x200.jpg\" alt=\"\" width=\"300\" height=\"200\" srcset=\"https:\/\/www.oroverde.com.ar\/web\/wp-content\/uploads\/2017\/06\/Sal\u00f3n-Lomas-de-Oro-Verde-2-300x200.jpg 300w, https:\/\/www.oroverde.com.ar\/web\/wp-content\/uploads\/2017\/06\/Sal\u00f3n-Lomas-de-Oro-Verde-2-1024x683.jpg 1024w, https:\/\/www.oroverde.com.ar\/web\/wp-content\/uploads\/2017\/06\/Sal\u00f3n-Lomas-de-Oro-Verde-2-150x100.jpg 150w, https:\/\/www.oroverde.com.ar\/web\/wp-content\/uploads\/2017\/06\/Sal\u00f3n-Lomas-de-Oro-Verde-2-768x512.jpg 768w, https:\/\/www.oroverde.com.ar\/web\/wp-content\/uploads\/2017\/06\/Sal\u00f3n-Lomas-de-Oro-Verde-2-1536x1024.jpg 1536w, https:\/\/www.oroverde.com.ar\/web\/wp-content\/uploads\/2017\/06\/Sal\u00f3n-Lomas-de-Oro-Verde-2-1226x817.jpg 1226w, https:\/\/www.oroverde.com.ar\/web\/wp-content\/uploads\/2017\/06\/Sal\u00f3n-Lomas-de-Oro-Verde-2-850x567.jpg 850w, https:\/\/www.oroverde.com.ar\/web\/wp-content\/uploads\/2017\/06\/Sal\u00f3n-Lomas-de-Oro-Verde-2.jpg 1620w\" sizes=\"(max-width: 300px) 100vw, 300px\" \/><\/a>El Sal\u00f3n de Usos M\u00faltiples de Lomas de Oro Verde y Loma Hermosa, est\u00e1 terminado. Los trabajadores municipales est\u00e1n acondicionando la plaza y el espacio verde circundante para ultimar detalles de cara a su inauguraci\u00f3n.<\/p>\n<p style=\"text-align: justify;\"><!--more--><a href=\"http:\/\/www.oroverde.com.ar\/web\/wp-content\/uploads\/2017\/06\/Sal\u00f3n-Lomas-de-Oro-verde-1.jpg\"><img decoding=\"async\" class=\"size-medium wp-image-1707 alignleft\" src=\"http:\/\/www.oroverde.com.ar\/web\/wp-content\/uploads\/2017\/06\/Sal\u00f3n-Lomas-de-Oro-verde-1-300x225.jpg\" alt=\"\" width=\"300\" height=\"225\" srcset=\"https:\/\/www.oroverde.com.ar\/web\/wp-content\/uploads\/2017\/06\/Sal\u00f3n-Lomas-de-Oro-verde-1-300x225.jpg 300w, https:\/\/www.oroverde.com.ar\/web\/wp-content\/uploads\/2017\/06\/Sal\u00f3n-Lomas-de-Oro-verde-1-1024x768.jpg 1024w, https:\/\/www.oroverde.com.ar\/web\/wp-content\/uploads\/2017\/06\/Sal\u00f3n-Lomas-de-Oro-verde-1-150x113.jpg 150w, https:\/\/www.oroverde.com.ar\/web\/wp-content\/uploads\/2017\/06\/Sal\u00f3n-Lomas-de-Oro-verde-1-768x576.jpg 768w, https:\/\/www.oroverde.com.ar\/web\/wp-content\/uploads\/2017\/06\/Sal\u00f3n-Lomas-de-Oro-verde-1-1226x920.jpg 1226w, https:\/\/www.oroverde.com.ar\/web\/wp-content\/uploads\/2017\/06\/Sal\u00f3n-Lomas-de-Oro-verde-1-850x638.jpg 850w, https:\/\/www.oroverde.com.ar\/web\/wp-content\/uploads\/2017\/06\/Sal\u00f3n-Lomas-de-Oro-verde-1-480x360.jpg 480w, https:\/\/www.oroverde.com.ar\/web\/wp-content\/uploads\/2017\/06\/Sal\u00f3n-Lomas-de-Oro-verde-1.jpg 1440w\" sizes=\"(max-width: 300px) 100vw, 300px\" \/><\/a>El nuevo Sal\u00f3n se ubica en calle Los Chaj\u00e1es, de Lomas de Oro Verde, en el mismo predio que el tanque de almacenamiento de agua potable. Estos dos espacios quedar\u00e1n divididos por un tejido met\u00e1lico para garantizar la seguridad. Actualmente, el personal municipal est\u00e1 abocado a la tarea de mejorar el espacio verde que rodea al sal\u00f3n. Pintaron los juegos y todos los elementos de la plaza. Adem\u00e1s, nivelar\u00e1n el terreno y sembrar\u00e1n pasto.<\/p>\n<p style=\"text-align: justify;\">El sal\u00f3n tiene 10 por 6 metros, y cuenta con una cocina con mesada y dos ba\u00f1os, uno de ellos adaptado para personas con discapacidad motriz. La construcci\u00f3n de este espacio se realiz\u00f3 a pedido de los vecinos que viven en estos dos barrios, los m\u00e1s alejados de la planta urbana central.<\/p>\n<p>Fuente: Municipio de Oro Verde<\/p>\n","protected":false},"excerpt":{"rendered":"<p>El Sal\u00f3n de Usos M\u00faltiples de Lomas de Oro Verde y Loma Hermosa, est\u00e1 terminado. Los trabajadores municipales est\u00e1n acondicionando la plaza y el espacio verde circundante para ultimar detalles&#8230;<\/p>\n","protected":false},"author":2,"featured_media":0,"comment_status":"open","ping_status":"closed","sticky":false,"template":"","format":"standard","meta":{"_eb_attr":"","footnotes":""},"categories":[5],"tags":[],"class_list":["post-1705","post","type-post","status-publish","format-standard","hentry","category-noticias-municipales","wpcat-5-id"],"_links":{"self":[{"href":"https:\/\/www.oroverde.com.ar\/web\/wp-json\/wp\/v2\/posts\/1705","targetHints":{"allow":["GET"]}}],"collection":[{"href":"https:\/\/www.oroverde.com.ar\/web\/wp-json\/wp\/v2\/posts"}],"about":[{"href":"https:\/\/www.oroverde.com.ar\/web\/wp-json\/wp\/v2\/types\/post"}],"author":[{"embeddable":true,"href":"https:\/\/www.oroverde.com.ar\/web\/wp-json\/wp\/v2\/users\/2"}],"replies":[{"embeddable":true,"href":"https:\/\/www.oroverde.com.ar\/web\/wp-json\/wp\/v2\/comments?post=1705"}],"version-history":[{"count":1,"href":"https:\/\/www.oroverde.com.ar\/web\/wp-json\/wp\/v2\/posts\/1705\/revisions"}],"predecessor-version":[{"id":1708,"href":"https:\/\/www.oroverde.com.ar\/web\/wp-json\/wp\/v2\/posts\/1705\/revisions\/1708"}],"wp:attachment":[{"href":"https:\/\/www.oroverde.com.ar\/web\/wp-json\/wp\/v2\/media?parent=1705"}],"wp:term":[{"taxonomy":"category","embeddable":true,"href":"https:\/\/www.oroverde.com.ar\/web\/wp-json\/wp\/v2\/categories?post=1705"},{"taxonomy":"post_tag","embeddable":true,"href":"https:\/\/www.oroverde.com.ar\/web\/wp-json\/wp\/v2\/tags?post=1705"}],"curies":[{"name":"wp","href":"https:\/\/api.w.org\/{rel}","templated":true}]}}