{"id":1709,"date":"2017-06-10T10:23:48","date_gmt":"2017-06-10T13:23:48","guid":{"rendered":"http:\/\/www.oroverde.com.ar\/web\/?p=1709"},"modified":"2017-06-10T10:57:17","modified_gmt":"2017-06-10T13:57:17","slug":"reacondicionaron-la-plaza-supremo-entrerriano","status":"publish","type":"post","link":"https:\/\/www.oroverde.com.ar\/web\/reacondicionaron-la-plaza-supremo-entrerriano\/","title":{"rendered":"Reacondicionaron la plaza \u201cSupremo Entrerriano\u201d"},"content":{"rendered":"<p style=\"text-align: justify;\"><a href=\"http:\/\/www.oroverde.com.ar\/web\/wp-content\/uploads\/2017\/06\/Plaza-Supremo-Entrerriano-2.jpg\"><img fetchpriority=\"high\" decoding=\"async\" class=\"size-medium wp-image-1710 alignleft\" src=\"http:\/\/www.oroverde.com.ar\/web\/wp-content\/uploads\/2017\/06\/Plaza-Supremo-Entrerriano-2-300x200.jpg\" alt=\"\" width=\"300\" height=\"200\" srcset=\"https:\/\/www.oroverde.com.ar\/web\/wp-content\/uploads\/2017\/06\/Plaza-Supremo-Entrerriano-2-300x200.jpg 300w, https:\/\/www.oroverde.com.ar\/web\/wp-content\/uploads\/2017\/06\/Plaza-Supremo-Entrerriano-2-1024x683.jpg 1024w, https:\/\/www.oroverde.com.ar\/web\/wp-content\/uploads\/2017\/06\/Plaza-Supremo-Entrerriano-2-150x100.jpg 150w, https:\/\/www.oroverde.com.ar\/web\/wp-content\/uploads\/2017\/06\/Plaza-Supremo-Entrerriano-2-768x512.jpg 768w, https:\/\/www.oroverde.com.ar\/web\/wp-content\/uploads\/2017\/06\/Plaza-Supremo-Entrerriano-2-1536x1024.jpg 1536w, https:\/\/www.oroverde.com.ar\/web\/wp-content\/uploads\/2017\/06\/Plaza-Supremo-Entrerriano-2-1226x817.jpg 1226w, https:\/\/www.oroverde.com.ar\/web\/wp-content\/uploads\/2017\/06\/Plaza-Supremo-Entrerriano-2-850x567.jpg 850w, https:\/\/www.oroverde.com.ar\/web\/wp-content\/uploads\/2017\/06\/Plaza-Supremo-Entrerriano-2.jpg 1620w\" sizes=\"(max-width: 300px) 100vw, 300px\" \/><\/a>La plaza \u201cSupremo Entrerriano\u201d, ubicada en la esquina de Los Cisnes y Las Urracas de barrio El Triangular es uno de los espacios que se repar\u00f3 en las \u00faltimas semanas. Se llevaron adelante trabajos de pintura, arreglos de veredas y poda de \u00e1rboles.<\/p>\n<p style=\"text-align: justify;\"><!--more--><a href=\"http:\/\/www.oroverde.com.ar\/web\/wp-content\/uploads\/2017\/06\/Plaza-Supremo-Entrerriano-1.jpg\"><img decoding=\"async\" class=\"size-medium wp-image-1711 alignleft\" src=\"http:\/\/www.oroverde.com.ar\/web\/wp-content\/uploads\/2017\/06\/Plaza-Supremo-Entrerriano-1-300x200.jpg\" alt=\"\" width=\"300\" height=\"200\" srcset=\"https:\/\/www.oroverde.com.ar\/web\/wp-content\/uploads\/2017\/06\/Plaza-Supremo-Entrerriano-1-300x200.jpg 300w, https:\/\/www.oroverde.com.ar\/web\/wp-content\/uploads\/2017\/06\/Plaza-Supremo-Entrerriano-1-1024x683.jpg 1024w, https:\/\/www.oroverde.com.ar\/web\/wp-content\/uploads\/2017\/06\/Plaza-Supremo-Entrerriano-1-150x100.jpg 150w, https:\/\/www.oroverde.com.ar\/web\/wp-content\/uploads\/2017\/06\/Plaza-Supremo-Entrerriano-1-768x512.jpg 768w, https:\/\/www.oroverde.com.ar\/web\/wp-content\/uploads\/2017\/06\/Plaza-Supremo-Entrerriano-1-1536x1024.jpg 1536w, https:\/\/www.oroverde.com.ar\/web\/wp-content\/uploads\/2017\/06\/Plaza-Supremo-Entrerriano-1-1226x817.jpg 1226w, https:\/\/www.oroverde.com.ar\/web\/wp-content\/uploads\/2017\/06\/Plaza-Supremo-Entrerriano-1-850x567.jpg 850w, https:\/\/www.oroverde.com.ar\/web\/wp-content\/uploads\/2017\/06\/Plaza-Supremo-Entrerriano-1.jpg 1620w\" sizes=\"(max-width: 300px) 100vw, 300px\" \/><\/a>El personal municipal realiz\u00f3 diferentes tareas de en la Plazoleta \u201cSupremo Entrerriano\u201d que mostraba signos de deterioro por el paso del tiempo. Este espacio cuenta juegos y un gimnasio a cielo abierto, rodeados de una frondosa arboleda a la cual se le realiz\u00f3 una poda para minimizar el riesgo de ca\u00eddas de ramas. Tambi\u00e9n pintaron estos juegos y los bancos, repararon las veredas perimetrales y reacondicionaron la baranda sobre Los Cisnes.<\/p>\n<p>Fuente: Municipio de Oro Verde<\/p>\n","protected":false},"excerpt":{"rendered":"<p>La plaza \u201cSupremo Entrerriano\u201d, ubicada en la esquina de Los Cisnes y Las Urracas de barrio El Triangular es uno de los espacios que se repar\u00f3 en las \u00faltimas semanas&#8230;.<\/p>\n","protected":false},"author":2,"featured_media":0,"comment_status":"open","ping_status":"closed","sticky":false,"template":"","format":"standard","meta":{"_eb_attr":"","footnotes":""},"categories":[5],"tags":[],"class_list":["post-1709","post","type-post","status-publish","format-standard","hentry","category-noticias-municipales","wpcat-5-id"],"_links":{"self":[{"href":"https:\/\/www.oroverde.com.ar\/web\/wp-json\/wp\/v2\/posts\/1709","targetHints":{"allow":["GET"]}}],"collection":[{"href":"https:\/\/www.oroverde.com.ar\/web\/wp-json\/wp\/v2\/posts"}],"about":[{"href":"https:\/\/www.oroverde.com.ar\/web\/wp-json\/wp\/v2\/types\/post"}],"author":[{"embeddable":true,"href":"https:\/\/www.oroverde.com.ar\/web\/wp-json\/wp\/v2\/users\/2"}],"replies":[{"embeddable":true,"href":"https:\/\/www.oroverde.com.ar\/web\/wp-json\/wp\/v2\/comments?post=1709"}],"version-history":[{"count":1,"href":"https:\/\/www.oroverde.com.ar\/web\/wp-json\/wp\/v2\/posts\/1709\/revisions"}],"predecessor-version":[{"id":1712,"href":"https:\/\/www.oroverde.com.ar\/web\/wp-json\/wp\/v2\/posts\/1709\/revisions\/1712"}],"wp:attachment":[{"href":"https:\/\/www.oroverde.com.ar\/web\/wp-json\/wp\/v2\/media?parent=1709"}],"wp:term":[{"taxonomy":"category","embeddable":true,"href":"https:\/\/www.oroverde.com.ar\/web\/wp-json\/wp\/v2\/categories?post=1709"},{"taxonomy":"post_tag","embeddable":true,"href":"https:\/\/www.oroverde.com.ar\/web\/wp-json\/wp\/v2\/tags?post=1709"}],"curies":[{"name":"wp","href":"https:\/\/api.w.org\/{rel}","templated":true}]}}