{"id":1717,"date":"2017-06-10T11:12:05","date_gmt":"2017-06-10T14:12:05","guid":{"rendered":"http:\/\/www.oroverde.com.ar\/web\/?p=1717"},"modified":"2017-06-10T11:13:45","modified_gmt":"2017-06-10T14:13:45","slug":"se-realiza-la-segunda-jornada-del-proyecto-de-buentrato","status":"publish","type":"post","link":"https:\/\/www.oroverde.com.ar\/web\/se-realiza-la-segunda-jornada-del-proyecto-de-buentrato\/","title":{"rendered":"Se realiza la segunda Jornada del Proyecto de Buentrato"},"content":{"rendered":"<p style=\"text-align: justify;\"><a href=\"http:\/\/www.oroverde.com.ar\/web\/wp-content\/uploads\/2017\/06\/Segunda-Capacitaci\u00f3n.gif\"><img fetchpriority=\"high\" decoding=\"async\" class=\"size-medium wp-image-1718 alignleft\" src=\"http:\/\/www.oroverde.com.ar\/web\/wp-content\/uploads\/2017\/06\/Segunda-Capacitaci\u00f3n-300x219.gif\" alt=\"\" width=\"300\" height=\"219\" srcset=\"https:\/\/www.oroverde.com.ar\/web\/wp-content\/uploads\/2017\/06\/Segunda-Capacitaci\u00f3n-300x219.gif 300w, https:\/\/www.oroverde.com.ar\/web\/wp-content\/uploads\/2017\/06\/Segunda-Capacitaci\u00f3n-1024x747.gif 1024w, https:\/\/www.oroverde.com.ar\/web\/wp-content\/uploads\/2017\/06\/Segunda-Capacitaci\u00f3n-150x109.gif 150w, https:\/\/www.oroverde.com.ar\/web\/wp-content\/uploads\/2017\/06\/Segunda-Capacitaci\u00f3n-768x561.gif 768w, https:\/\/www.oroverde.com.ar\/web\/wp-content\/uploads\/2017\/06\/Segunda-Capacitaci\u00f3n-850x620.gif 850w\" sizes=\"(max-width: 300px) 100vw, 300px\" \/><\/a>Este s\u00e1bado 9 de junio se realizar\u00e1 la segunda jornada de capacitaci\u00f3n del proyecto de Promoci\u00f3n del Buentrato hacia las personas mayores en el Centro Integrador Comunitario. Ser\u00e1 a partir de las 9.30 en el SUM, destinada a personas que trabajen con adultos mayores y la comunidad en general. En esta ocasi\u00f3n la tem\u00e1tica ser\u00e1 \u00abPrejuicios en la vejez. Diversidad y g\u00e9nero\u00bb.<\/p>\n<p style=\"text-align: justify;\"><!--more-->Paola Schmukler y Miriam Stahler, dos especialistas en gerontolog\u00eda, ser\u00e1n las encargadas de abordar la tem\u00e1tica Prejuicios en la vejez. Diversidad y g\u00e9nero, en una charla abierta en el Centro Integrador Comunitario de Oro Verde. La instancia se da en el marco del proyecto de Buentrato hacia las Personas Mayores, donde se realizar\u00e1n una serie de capacitaciones para efectores de salud, integrantes de organizaciones e instituciones que trabajen con adultos mayores o personas interesadas en la tem\u00e1tica.<\/p>\n<p style=\"text-align: justify;\">El proyecto pertenece al Ministerio de Desarrollo Social de la Naci\u00f3n, que mediante capacitaciones y talleres intenta desterrar los prejuicios sobre la vida en la tercera edad. Los asistentes pueden inscribirse en el lugar de la capacitaci\u00f3n y recibir\u00e1n certificados si completan la asistencia al 90 por ciento de las capacitaciones. A su vez, se entregar\u00e1n constancias por cada una de ellas.<\/p>\n<p style=\"text-align: justify;\">Un equipo conformado por un coordinador, un capacitador docente especializado en la tem\u00e1tica, como as\u00ed tambi\u00e9n talleristas y un profesor de educaci\u00f3n f\u00edsica lleva adelante el proyecto. Es un programa del Ministerio de Desarrollo Social de la Naci\u00f3n, a trav\u00e9s de la Direcci\u00f3n Nacional de Pol\u00edticas para Adultos Mayores de la Secretaria Nacional de Ni\u00f1ez, Adolescencia y Familia, y se ejecuta a trav\u00e9s del Municipio de Oro Verde.<\/p>\n<p>Fuente: Muncipio de Oro Verde<\/p>\n","protected":false},"excerpt":{"rendered":"<p>Este s\u00e1bado 9 de junio se realizar\u00e1 la segunda jornada de capacitaci\u00f3n del proyecto de Promoci\u00f3n del Buentrato hacia las personas mayores en el Centro Integrador Comunitario. Ser\u00e1 a partir&#8230;<\/p>\n","protected":false},"author":2,"featured_media":0,"comment_status":"open","ping_status":"closed","sticky":false,"template":"","format":"standard","meta":{"_eb_attr":"","footnotes":""},"categories":[5],"tags":[],"class_list":["post-1717","post","type-post","status-publish","format-standard","hentry","category-noticias-municipales","wpcat-5-id"],"_links":{"self":[{"href":"https:\/\/www.oroverde.com.ar\/web\/wp-json\/wp\/v2\/posts\/1717","targetHints":{"allow":["GET"]}}],"collection":[{"href":"https:\/\/www.oroverde.com.ar\/web\/wp-json\/wp\/v2\/posts"}],"about":[{"href":"https:\/\/www.oroverde.com.ar\/web\/wp-json\/wp\/v2\/types\/post"}],"author":[{"embeddable":true,"href":"https:\/\/www.oroverde.com.ar\/web\/wp-json\/wp\/v2\/users\/2"}],"replies":[{"embeddable":true,"href":"https:\/\/www.oroverde.com.ar\/web\/wp-json\/wp\/v2\/comments?post=1717"}],"version-history":[{"count":1,"href":"https:\/\/www.oroverde.com.ar\/web\/wp-json\/wp\/v2\/posts\/1717\/revisions"}],"predecessor-version":[{"id":1719,"href":"https:\/\/www.oroverde.com.ar\/web\/wp-json\/wp\/v2\/posts\/1717\/revisions\/1719"}],"wp:attachment":[{"href":"https:\/\/www.oroverde.com.ar\/web\/wp-json\/wp\/v2\/media?parent=1717"}],"wp:term":[{"taxonomy":"category","embeddable":true,"href":"https:\/\/www.oroverde.com.ar\/web\/wp-json\/wp\/v2\/categories?post=1717"},{"taxonomy":"post_tag","embeddable":true,"href":"https:\/\/www.oroverde.com.ar\/web\/wp-json\/wp\/v2\/tags?post=1717"}],"curies":[{"name":"wp","href":"https:\/\/api.w.org\/{rel}","templated":true}]}}