{"id":1759,"date":"2017-06-27T09:45:59","date_gmt":"2017-06-27T12:45:59","guid":{"rendered":"http:\/\/www.oroverde.com.ar\/web\/?p=1759"},"modified":"2017-06-27T09:46:26","modified_gmt":"2017-06-27T12:46:26","slug":"suspension-del-concierto-de-la-guitarra-de-la-luna","status":"publish","type":"post","link":"https:\/\/www.oroverde.com.ar\/web\/suspension-del-concierto-de-la-guitarra-de-la-luna\/","title":{"rendered":"Suspensi\u00f3n del concierto de \u201cLa Guitarra de la Luna\u201d"},"content":{"rendered":"<p style=\"text-align: justify;\"><a href=\"http:\/\/www.oroverde.com.ar\/web\/wp-content\/uploads\/2017\/06\/La-Guitarra-de-la-Luna-w.jpg\"><img fetchpriority=\"high\" decoding=\"async\" class=\"size-medium wp-image-1760 alignleft\" src=\"http:\/\/www.oroverde.com.ar\/web\/wp-content\/uploads\/2017\/06\/La-Guitarra-de-la-Luna-w-300x226.jpg\" alt=\"\" width=\"300\" height=\"226\" srcset=\"https:\/\/www.oroverde.com.ar\/web\/wp-content\/uploads\/2017\/06\/La-Guitarra-de-la-Luna-w-300x226.jpg 300w, https:\/\/www.oroverde.com.ar\/web\/wp-content\/uploads\/2017\/06\/La-Guitarra-de-la-Luna-w-150x113.jpg 150w, https:\/\/www.oroverde.com.ar\/web\/wp-content\/uploads\/2017\/06\/La-Guitarra-de-la-Luna-w.jpg 440w\" sizes=\"(max-width: 300px) 100vw, 300px\" \/><\/a>El concierto de \u00abLa guitarra de la Luna\u00bb se suspende hasta nuevo aviso por el fallecimiento de una joven vecina, por cuya enfermedad se moviliz\u00f3 gran parte de Oro Verde. Estaremos comunicando si es posible coordinar una nueva fecha para la presentaci\u00f3n.<\/p>\n<p style=\"text-align: justify;\">La comunidad de Oro Verde se encuentra conmovida por el fallecimiento de la joven vecina, Anabel Vel\u00e1zquez, por lo que el grupo organizador del concierto de \u00abLa guitarra de la Luna\u00bb previsto para el s\u00e1bado 24 de junio en el Quincho del Polideportivo Municipal, decidi\u00f3 suspender la actividad. En las pr\u00f3ximas semanas trabajar\u00e1n para coordinar una nueva fecha.<\/p>\n<p style=\"text-align: justify;\">Fuente: Municipio de Oro Verde<\/p>\n","protected":false},"excerpt":{"rendered":"<p>El concierto de \u00abLa guitarra de la Luna\u00bb se suspende hasta nuevo aviso por el fallecimiento de una joven vecina, por cuya enfermedad se moviliz\u00f3 gran parte de Oro Verde&#8230;.<\/p>\n","protected":false},"author":2,"featured_media":0,"comment_status":"open","ping_status":"closed","sticky":false,"template":"","format":"standard","meta":{"_eb_attr":"","footnotes":""},"categories":[5],"tags":[],"class_list":["post-1759","post","type-post","status-publish","format-standard","hentry","category-noticias-municipales","wpcat-5-id"],"_links":{"self":[{"href":"https:\/\/www.oroverde.com.ar\/web\/wp-json\/wp\/v2\/posts\/1759","targetHints":{"allow":["GET"]}}],"collection":[{"href":"https:\/\/www.oroverde.com.ar\/web\/wp-json\/wp\/v2\/posts"}],"about":[{"href":"https:\/\/www.oroverde.com.ar\/web\/wp-json\/wp\/v2\/types\/post"}],"author":[{"embeddable":true,"href":"https:\/\/www.oroverde.com.ar\/web\/wp-json\/wp\/v2\/users\/2"}],"replies":[{"embeddable":true,"href":"https:\/\/www.oroverde.com.ar\/web\/wp-json\/wp\/v2\/comments?post=1759"}],"version-history":[{"count":1,"href":"https:\/\/www.oroverde.com.ar\/web\/wp-json\/wp\/v2\/posts\/1759\/revisions"}],"predecessor-version":[{"id":1761,"href":"https:\/\/www.oroverde.com.ar\/web\/wp-json\/wp\/v2\/posts\/1759\/revisions\/1761"}],"wp:attachment":[{"href":"https:\/\/www.oroverde.com.ar\/web\/wp-json\/wp\/v2\/media?parent=1759"}],"wp:term":[{"taxonomy":"category","embeddable":true,"href":"https:\/\/www.oroverde.com.ar\/web\/wp-json\/wp\/v2\/categories?post=1759"},{"taxonomy":"post_tag","embeddable":true,"href":"https:\/\/www.oroverde.com.ar\/web\/wp-json\/wp\/v2\/tags?post=1759"}],"curies":[{"name":"wp","href":"https:\/\/api.w.org\/{rel}","templated":true}]}}