{"id":1762,"date":"2017-06-27T09:48:40","date_gmt":"2017-06-27T12:48:40","guid":{"rendered":"http:\/\/www.oroverde.com.ar\/web\/?p=1762"},"modified":"2017-06-27T09:48:40","modified_gmt":"2017-06-27T12:48:40","slug":"capacitacion-y-kermesse-por-el-buentrato-hacia-los-adultos-mayores","status":"publish","type":"post","link":"https:\/\/www.oroverde.com.ar\/web\/capacitacion-y-kermesse-por-el-buentrato-hacia-los-adultos-mayores\/","title":{"rendered":"Capacitaci\u00f3n y kermesse por el Buentrato hacia los adultos mayores"},"content":{"rendered":"<p style=\"text-align: justify;\"><a href=\"http:\/\/www.oroverde.com.ar\/web\/wp-content\/uploads\/2017\/05\/foto-salud-tipo8878af41f1ae6bff9d2eff0000007e45.jpg\"><img fetchpriority=\"high\" decoding=\"async\" class=\"size-medium wp-image-1619 alignleft\" src=\"http:\/\/www.oroverde.com.ar\/web\/wp-content\/uploads\/2017\/05\/foto-salud-tipo8878af41f1ae6bff9d2eff0000007e45-300x197.jpg\" alt=\"\" width=\"300\" height=\"197\" srcset=\"https:\/\/www.oroverde.com.ar\/web\/wp-content\/uploads\/2017\/05\/foto-salud-tipo8878af41f1ae6bff9d2eff0000007e45-300x197.jpg 300w, https:\/\/www.oroverde.com.ar\/web\/wp-content\/uploads\/2017\/05\/foto-salud-tipo8878af41f1ae6bff9d2eff0000007e45-150x99.jpg 150w, https:\/\/www.oroverde.com.ar\/web\/wp-content\/uploads\/2017\/05\/foto-salud-tipo8878af41f1ae6bff9d2eff0000007e45.jpg 626w\" sizes=\"(max-width: 300px) 100vw, 300px\" \/><\/a>Habr\u00e1 una nueva jornada de capacitaci\u00f3n del programa de Buentrato hacia las personas mayores este s\u00e1bado 24 de junio. A partir de las 14.30 ser\u00e1 la kermesse donde habr\u00e1 actividades recreativas, deportivas, juegos y baile. Ser\u00e1 en el Polideportivo Municipal, abierta a toda la comunidad.<\/p>\n<p style=\"text-align: justify;\"><!--more-->Los coordinadores del proyecto expresaron que \u201cesta actividad se viene pensando desde hace varias semanas y el objetivo es que los adultos mayores se apropien de la iniciativa. Adem\u00e1s, que podamos ofrecerles una tarde llena de actividades en las que predomine el movimiento y tambi\u00e9n la diversi\u00f3n\u201d. \u00adLa jornada es abierta y se invita a toda la comunidad ya que no es exclusiva para adultos mayores, sino que se apunta al trabajo intergeneracional.<\/p>\n<p style=\"text-align: justify;\">Esta es el primer encuentro con Adultos Mayores, en el marco del Proyecto de Promoci\u00f3n de Buentrato que se viene desarrollando desde el mes de mayo, con apoyo del Ministerio de Desarrollo Social de Naci\u00f3n. En esta oportunidad, se sumar\u00e1n los adultos que participan del Programa Abuelos en Acci\u00f3n.<\/p>\n<p style=\"text-align: justify;\">El cronograma de la jornada:<\/p>\n<p style=\"text-align: justify;\">Por la ma\u00f1ana el equipo de coordinaci\u00f3n, integrado por H\u00e9ctor Morinico, Andr\u00e9s Cabas y Miriam Stahler, organizar\u00e1 en el Quincho del Polideportivo municipal el tercer encuentro de capacitaci\u00f3n con las personas que vienen asistiendo. Igualmente, las personas interesadas que quieran sumarse pueden hacerlo, ya que se considera a los encuentros por separado, es decir, cada uno tiene diferentes tem\u00e1ticas. En este caso ser\u00e1 \u201cLa cultura del Buentrato\u201d, a cargo de la reconocida especialista en gerontolog\u00eda y Mag\u00edster en Trabajo Social, Mar\u00eda del Carmen Ludi.<\/p>\n<p style=\"text-align: justify;\">Desde las 14.30 se llevar\u00e1n adelante actividades recreativas y l\u00fadicas. Los adultos mayores que asistan y sus familias podr\u00e1n participar en disciplinas deportivas, juegos de mesa, baile y tambi\u00e9n actividades recreativas en un ambiente calefacciones. Habr\u00e1 una merienda disponible.<\/p>\n<p style=\"text-align: justify;\">ENTRADA DIFERENCIADA PARA LAS PERSONAS CON DOMICILIO EN LA LOCALIDAD<\/p>\n<p>Fuente: Municipio de Oro Verde<\/p>\n","protected":false},"excerpt":{"rendered":"<p>Habr\u00e1 una nueva jornada de capacitaci\u00f3n del programa de Buentrato hacia las personas mayores este s\u00e1bado 24 de junio. A partir de las 14.30 ser\u00e1 la kermesse donde habr\u00e1 actividades&#8230;<\/p>\n","protected":false},"author":2,"featured_media":0,"comment_status":"open","ping_status":"closed","sticky":false,"template":"","format":"standard","meta":{"_eb_attr":"","footnotes":""},"categories":[5],"tags":[],"class_list":["post-1762","post","type-post","status-publish","format-standard","hentry","category-noticias-municipales","wpcat-5-id"],"_links":{"self":[{"href":"https:\/\/www.oroverde.com.ar\/web\/wp-json\/wp\/v2\/posts\/1762","targetHints":{"allow":["GET"]}}],"collection":[{"href":"https:\/\/www.oroverde.com.ar\/web\/wp-json\/wp\/v2\/posts"}],"about":[{"href":"https:\/\/www.oroverde.com.ar\/web\/wp-json\/wp\/v2\/types\/post"}],"author":[{"embeddable":true,"href":"https:\/\/www.oroverde.com.ar\/web\/wp-json\/wp\/v2\/users\/2"}],"replies":[{"embeddable":true,"href":"https:\/\/www.oroverde.com.ar\/web\/wp-json\/wp\/v2\/comments?post=1762"}],"version-history":[{"count":1,"href":"https:\/\/www.oroverde.com.ar\/web\/wp-json\/wp\/v2\/posts\/1762\/revisions"}],"predecessor-version":[{"id":1763,"href":"https:\/\/www.oroverde.com.ar\/web\/wp-json\/wp\/v2\/posts\/1762\/revisions\/1763"}],"wp:attachment":[{"href":"https:\/\/www.oroverde.com.ar\/web\/wp-json\/wp\/v2\/media?parent=1762"}],"wp:term":[{"taxonomy":"category","embeddable":true,"href":"https:\/\/www.oroverde.com.ar\/web\/wp-json\/wp\/v2\/categories?post=1762"},{"taxonomy":"post_tag","embeddable":true,"href":"https:\/\/www.oroverde.com.ar\/web\/wp-json\/wp\/v2\/tags?post=1762"}],"curies":[{"name":"wp","href":"https:\/\/api.w.org\/{rel}","templated":true}]}}