{"id":1764,"date":"2017-06-27T09:51:17","date_gmt":"2017-06-27T12:51:17","guid":{"rendered":"http:\/\/www.oroverde.com.ar\/web\/?p=1764"},"modified":"2017-06-27T09:51:26","modified_gmt":"2017-06-27T12:51:26","slug":"detalles-de-la-2-fiesta-regional-del-locro-en-oro-verde","status":"publish","type":"post","link":"https:\/\/www.oroverde.com.ar\/web\/detalles-de-la-2-fiesta-regional-del-locro-en-oro-verde\/","title":{"rendered":"Detalles de la 2\u00b0 Fiesta Regional del Locro en Oro Verde"},"content":{"rendered":"<p style=\"text-align: justify;\"><a href=\"http:\/\/www.oroverde.com.ar\/web\/wp-content\/uploads\/2017\/06\/Fiesta-del-Locro-2016.jpg\"><img fetchpriority=\"high\" decoding=\"async\" class=\"size-medium wp-image-1725 alignleft\" src=\"http:\/\/www.oroverde.com.ar\/web\/wp-content\/uploads\/2017\/06\/Fiesta-del-Locro-2016-300x225.jpg\" alt=\"\" width=\"300\" height=\"225\" srcset=\"https:\/\/www.oroverde.com.ar\/web\/wp-content\/uploads\/2017\/06\/Fiesta-del-Locro-2016-300x225.jpg 300w, https:\/\/www.oroverde.com.ar\/web\/wp-content\/uploads\/2017\/06\/Fiesta-del-Locro-2016-1024x767.jpg 1024w, https:\/\/www.oroverde.com.ar\/web\/wp-content\/uploads\/2017\/06\/Fiesta-del-Locro-2016-150x112.jpg 150w, https:\/\/www.oroverde.com.ar\/web\/wp-content\/uploads\/2017\/06\/Fiesta-del-Locro-2016-768x575.jpg 768w, https:\/\/www.oroverde.com.ar\/web\/wp-content\/uploads\/2017\/06\/Fiesta-del-Locro-2016-1536x1151.jpg 1536w, https:\/\/www.oroverde.com.ar\/web\/wp-content\/uploads\/2017\/06\/Fiesta-del-Locro-2016-2048x1534.jpg 2048w, https:\/\/www.oroverde.com.ar\/web\/wp-content\/uploads\/2017\/06\/Fiesta-del-Locro-2016-1226x918.jpg 1226w, https:\/\/www.oroverde.com.ar\/web\/wp-content\/uploads\/2017\/06\/Fiesta-del-Locro-2016-850x637.jpg 850w, https:\/\/www.oroverde.com.ar\/web\/wp-content\/uploads\/2017\/06\/Fiesta-del-Locro-2016-480x360.jpg 480w\" sizes=\"(max-width: 300px) 100vw, 300px\" \/><\/a>El Municipio de Oro Verde cumple 30 a\u00f1os y en ese marco se realizar\u00e1 la 2\u00b0 Fiesta Regional del Locro. Tendr\u00e1 lugar en la zona del Polideportivo el 21, 22 y 23 de julio. Ser\u00e1 la actividad central de los festejos y se prev\u00e9 una variada cartelera de artistas, en la que cada d\u00eda tendr\u00e1 una din\u00e1mica propia. La fiesta ser\u00e1 en esta oportunidad una mezcla de gastronom\u00eda con grandes artistas y un reflejo de la diversidad cultural de la zona de las aldeas. Las personas que tengan domicilio en la localidad, podr\u00e1n acceder a una entrada diferenciada.<\/p>\n<p style=\"text-align: justify;\"><!--more-->Desde su organizaci\u00f3n la Fiesta del Locro tiene una caracter\u00edstica distintiva: si bien se lleva adelante desde el Municipio de Oro Verde, cuenta con la participaci\u00f3n y colaboraci\u00f3n de diez instituciones encargadas de la oferta gastron\u00f3mica que tendr\u00e1 como plato estrella el locro. Cada una de ellas ofrecer\u00e1 una receta \u00fanica, seg\u00fan la tradici\u00f3n de su \u201clocrero\u201d. El momento de la elaboraci\u00f3n y cocci\u00f3n tambi\u00e9n podr\u00e1 observarse en vivo.<\/p>\n<p style=\"text-align: justify;\">La segunda edici\u00f3n de la Fiesta del Locro los encuentra con un proyecto \u201cm\u00e1s consolidado\u201d seg\u00fan los organizadores. Ofrecer\u00e1n m\u00e1s de 1.500 porciones de esta comida t\u00edpica en una carpa totalmente calefaccionada para paliar las bajas temperaturas de la temporada invernal. Tambi\u00e9n all\u00ed se desarrollar\u00e1 el espect\u00e1culo art\u00edstico en los tres d\u00edas. La porci\u00f3n de locro tendr\u00e1 un valor de 80 pesos y, adem\u00e1s de otras comidas, tambi\u00e9n se podr\u00e1n adquirir bebidas.<\/p>\n<p style=\"text-align: justify;\">En los \u00faltimos d\u00edas se acord\u00f3 el cobro de una entrada diferenciada para las personas de Oro Verde que tengan el domicilio en esta localidad en su DNI: podr\u00e1n comprar una entrada anticipada a 60 pesos por persona. Para el p\u00fablico en general, se cobrar\u00e1 una entrada con los siguientes valores: domingo 100 pesos, s\u00e1bado 60 pesos y viernes sin cargo. Se puede comprar un abono anticipado por 100 pesos, con derecho a ingreso s\u00e1bado y domingo. Los tickets saldr\u00e1n a la venta los primeros d\u00edas de julio en puntos a confirmar.<\/p>\n<p style=\"text-align: justify;\">Cartelera y actividades de los tres d\u00edas<\/p>\n<p style=\"text-align: justify;\">Viernes 21 de Julio \u2013 20.30 hs.<\/p>\n<p style=\"text-align: justify;\">Noche de artistas locales. Apertura de la Fiesta con un encuentro que reunir\u00e1 artistas de la regi\u00f3n con la actuaci\u00f3n del Ballet Folkl\u00f3rico Municipal, el tr\u00edo Rumor Litoral, integrado por las m\u00fasicas Chela Mart\u00ednez, Maru Figueroa y Anal\u00eda Bosque; Silvia Salomone; Brenda Espinosa; el charanguista Nicol\u00e1s Faes Micheloud; Juli\u00e1n Langoni y Los Riedel; entre otros artistas.<\/p>\n<p style=\"text-align: justify;\">S\u00e1bado 22 de Julio \u2013 21 hs.<\/p>\n<p style=\"text-align: justify;\">Gran Pe\u00f1a. Ser\u00e1 la noche principal, donde actuar\u00e1n Monchito Merlo, Jorge M\u00e9ndez y el Ensamble del Movimiento de M\u00fasica Entrerriana De Costa a Costa, con una puesta en escena con m\u00e1s de 16 artistas.<\/p>\n<p style=\"text-align: justify;\">Domingo 23 de Julio \u2013 13 hs.<\/p>\n<p style=\"text-align: justify;\">Gran almuerzo y luego bailanta de la mano de Los Majestuosos del Chamam\u00e9 y Grupo Sol. Previamente, a las 11, se llevar\u00e1 a cabo el acto protocolar por los 30 a\u00f1os del Municipio de Oro Verde. Durante esta jornada estar\u00e1n habilitados diferentes paseos y muestras para recorrer, con actividades para toda la familia.<\/p>\n<p>Fuente: Municipio de Oro Verde<\/p>\n","protected":false},"excerpt":{"rendered":"<p>El Municipio de Oro Verde cumple 30 a\u00f1os y en ese marco se realizar\u00e1 la 2\u00b0 Fiesta Regional del Locro. Tendr\u00e1 lugar en la zona del Polideportivo el 21, 22&#8230;<\/p>\n","protected":false},"author":2,"featured_media":0,"comment_status":"open","ping_status":"closed","sticky":false,"template":"","format":"standard","meta":{"_eb_attr":"","footnotes":""},"categories":[5],"tags":[],"class_list":["post-1764","post","type-post","status-publish","format-standard","hentry","category-noticias-municipales","wpcat-5-id"],"_links":{"self":[{"href":"https:\/\/www.oroverde.com.ar\/web\/wp-json\/wp\/v2\/posts\/1764","targetHints":{"allow":["GET"]}}],"collection":[{"href":"https:\/\/www.oroverde.com.ar\/web\/wp-json\/wp\/v2\/posts"}],"about":[{"href":"https:\/\/www.oroverde.com.ar\/web\/wp-json\/wp\/v2\/types\/post"}],"author":[{"embeddable":true,"href":"https:\/\/www.oroverde.com.ar\/web\/wp-json\/wp\/v2\/users\/2"}],"replies":[{"embeddable":true,"href":"https:\/\/www.oroverde.com.ar\/web\/wp-json\/wp\/v2\/comments?post=1764"}],"version-history":[{"count":1,"href":"https:\/\/www.oroverde.com.ar\/web\/wp-json\/wp\/v2\/posts\/1764\/revisions"}],"predecessor-version":[{"id":1765,"href":"https:\/\/www.oroverde.com.ar\/web\/wp-json\/wp\/v2\/posts\/1764\/revisions\/1765"}],"wp:attachment":[{"href":"https:\/\/www.oroverde.com.ar\/web\/wp-json\/wp\/v2\/media?parent=1764"}],"wp:term":[{"taxonomy":"category","embeddable":true,"href":"https:\/\/www.oroverde.com.ar\/web\/wp-json\/wp\/v2\/categories?post=1764"},{"taxonomy":"post_tag","embeddable":true,"href":"https:\/\/www.oroverde.com.ar\/web\/wp-json\/wp\/v2\/tags?post=1764"}],"curies":[{"name":"wp","href":"https:\/\/api.w.org\/{rel}","templated":true}]}}