{"id":1767,"date":"2017-06-28T21:37:27","date_gmt":"2017-06-29T00:37:27","guid":{"rendered":"http:\/\/www.oroverde.com.ar\/web\/?p=1767"},"modified":"2017-06-28T22:04:39","modified_gmt":"2017-06-29T01:04:39","slug":"venta-de-locro-con-fines-solidarios","status":"publish","type":"post","link":"https:\/\/www.oroverde.com.ar\/web\/venta-de-locro-con-fines-solidarios\/","title":{"rendered":"Venta de locro con fines solidarios"},"content":{"rendered":"<p style=\"text-align: center;\"><a href=\"http:\/\/www.oroverde.com.ar\/web\/wp-content\/uploads\/2017\/06\/19551733_1081109571990411_1149989131_o.redimensionado.png\"><img fetchpriority=\"high\" decoding=\"async\" class=\"aligncenter size-full wp-image-1771\" src=\"http:\/\/www.oroverde.com.ar\/web\/wp-content\/uploads\/2017\/06\/19551733_1081109571990411_1149989131_o.redimensionado.png\" alt=\"\" width=\"884\" height=\"819\" srcset=\"https:\/\/www.oroverde.com.ar\/web\/wp-content\/uploads\/2017\/06\/19551733_1081109571990411_1149989131_o.redimensionado.png 884w, https:\/\/www.oroverde.com.ar\/web\/wp-content\/uploads\/2017\/06\/19551733_1081109571990411_1149989131_o.redimensionado-300x278.png 300w, https:\/\/www.oroverde.com.ar\/web\/wp-content\/uploads\/2017\/06\/19551733_1081109571990411_1149989131_o.redimensionado-150x139.png 150w, https:\/\/www.oroverde.com.ar\/web\/wp-content\/uploads\/2017\/06\/19551733_1081109571990411_1149989131_o.redimensionado-768x712.png 768w, https:\/\/www.oroverde.com.ar\/web\/wp-content\/uploads\/2017\/06\/19551733_1081109571990411_1149989131_o.redimensionado-850x788.png 850w\" sizes=\"(max-width: 884px) 100vw, 884px\" \/><\/a><\/p>\n<p style=\"text-align: justify;\">Se esta realizando una venta de locro para el domingo<strong> 9 de Julio<\/strong> es para ayudar al tratamiento m\u00e9dico de <strong>Yael Santana. <\/strong>La porci\u00f3n cuesta $80 y quienes quieran hacer su reserva deber\u00e1n comunicarse a los tel\u00e9fonos 4079353 o 4975266 (antes de la fecha). El mismo se retirar\u00e1 en Camino de la Cuchilla 324 (Barrio El Triangular), casa el \u00abGato Ruiz\u00bb, a partir de las 12:30 hs.<\/p>\n<p style=\"text-align: justify;\">Acompa\u00f1an\u00a0en la difusi\u00f3n: Semanario Magazine \/ Oro Verde Radio Fm 104.5 \/ www.oroverde.com.ar<\/p>\n","protected":false},"excerpt":{"rendered":"<p>Se esta realizando una venta de locro para el domingo 9 de Julio es para ayudar al tratamiento m\u00e9dico de Yael Santana. La porci\u00f3n cuesta $80 y quienes quieran hacer&#8230;<\/p>\n","protected":false},"author":1,"featured_media":0,"comment_status":"open","ping_status":"closed","sticky":false,"template":"","format":"standard","meta":{"_eb_attr":"","footnotes":""},"categories":[21],"tags":[],"class_list":["post-1767","post","type-post","status-publish","format-standard","hentry","category-breves","wpcat-21-id"],"_links":{"self":[{"href":"https:\/\/www.oroverde.com.ar\/web\/wp-json\/wp\/v2\/posts\/1767","targetHints":{"allow":["GET"]}}],"collection":[{"href":"https:\/\/www.oroverde.com.ar\/web\/wp-json\/wp\/v2\/posts"}],"about":[{"href":"https:\/\/www.oroverde.com.ar\/web\/wp-json\/wp\/v2\/types\/post"}],"author":[{"embeddable":true,"href":"https:\/\/www.oroverde.com.ar\/web\/wp-json\/wp\/v2\/users\/1"}],"replies":[{"embeddable":true,"href":"https:\/\/www.oroverde.com.ar\/web\/wp-json\/wp\/v2\/comments?post=1767"}],"version-history":[{"count":4,"href":"https:\/\/www.oroverde.com.ar\/web\/wp-json\/wp\/v2\/posts\/1767\/revisions"}],"predecessor-version":[{"id":1773,"href":"https:\/\/www.oroverde.com.ar\/web\/wp-json\/wp\/v2\/posts\/1767\/revisions\/1773"}],"wp:attachment":[{"href":"https:\/\/www.oroverde.com.ar\/web\/wp-json\/wp\/v2\/media?parent=1767"}],"wp:term":[{"taxonomy":"category","embeddable":true,"href":"https:\/\/www.oroverde.com.ar\/web\/wp-json\/wp\/v2\/categories?post=1767"},{"taxonomy":"post_tag","embeddable":true,"href":"https:\/\/www.oroverde.com.ar\/web\/wp-json\/wp\/v2\/tags?post=1767"}],"curies":[{"name":"wp","href":"https:\/\/api.w.org\/{rel}","templated":true}]}}