{"id":1774,"date":"2017-07-01T09:24:59","date_gmt":"2017-07-01T12:24:59","guid":{"rendered":"http:\/\/www.oroverde.com.ar\/web\/?p=1774"},"modified":"2017-07-01T09:25:25","modified_gmt":"2017-07-01T12:25:25","slug":"en-la-ii-fiesta-regional-del-locro-la-cartelera-reunira-a-monchito-merlo-jorge-mendez-y-los-majestuosos-del-chamame","status":"publish","type":"post","link":"https:\/\/www.oroverde.com.ar\/web\/en-la-ii-fiesta-regional-del-locro-la-cartelera-reunira-a-monchito-merlo-jorge-mendez-y-los-majestuosos-del-chamame\/","title":{"rendered":"En la II Fiesta Regional del Locro, la cartelera reunir\u00e1 a Monchito Merlo, Jorge M\u00e9ndez y Los Majestuosos del Chamam\u00e9"},"content":{"rendered":"<p style=\"text-align: justify;\"><a href=\"http:\/\/www.oroverde.com.ar\/web\/wp-content\/uploads\/2017\/07\/Fiesta-Regional-del-Locro.jpg\"><img fetchpriority=\"high\" decoding=\"async\" class=\"size-medium wp-image-1775 alignleft\" src=\"http:\/\/www.oroverde.com.ar\/web\/wp-content\/uploads\/2017\/07\/Fiesta-Regional-del-Locro-300x225.jpg\" alt=\"\" width=\"300\" height=\"225\" srcset=\"https:\/\/www.oroverde.com.ar\/web\/wp-content\/uploads\/2017\/07\/Fiesta-Regional-del-Locro-300x225.jpg 300w, https:\/\/www.oroverde.com.ar\/web\/wp-content\/uploads\/2017\/07\/Fiesta-Regional-del-Locro-1024x768.jpg 1024w, https:\/\/www.oroverde.com.ar\/web\/wp-content\/uploads\/2017\/07\/Fiesta-Regional-del-Locro-150x113.jpg 150w, https:\/\/www.oroverde.com.ar\/web\/wp-content\/uploads\/2017\/07\/Fiesta-Regional-del-Locro-768x576.jpg 768w, https:\/\/www.oroverde.com.ar\/web\/wp-content\/uploads\/2017\/07\/Fiesta-Regional-del-Locro-850x638.jpg 850w, https:\/\/www.oroverde.com.ar\/web\/wp-content\/uploads\/2017\/07\/Fiesta-Regional-del-Locro-480x360.jpg 480w, https:\/\/www.oroverde.com.ar\/web\/wp-content\/uploads\/2017\/07\/Fiesta-Regional-del-Locro.jpg 1200w\" sizes=\"(max-width: 300px) 100vw, 300px\" \/><\/a>Las segunda Fiesta Regional del Locro mezclar\u00e1 su perfil gastron\u00f3mico con una variada cartelera de espect\u00e1culos que incluir\u00e1 a prestigiosos artistas locales el viernes 21 de julio; la presencia de Jorge M\u00e9ndez, \u201cMochito\u201d Merlo y el Ensamble \u201cDe Costa a Costa\u201d el s\u00e1bado 22, y a Los Majestuosos del Chamam\u00e9, en el almuerzo del domingo 23.<br \/>\n<!--more-->El Municipio de Oro Verde cumple 30 a\u00f1os y en ese marco se realizar\u00e1 la 2\u00b0 Fiesta Regional del Locro que tendr\u00e1 lugar en la zona del Polideportivo del 21 al 23 de julio. Este a\u00f1o se presenta una variada cartelera de artistas, que incluye a Monchito Merlo, Jorge M\u00e9ndez y Los Majestuosos del Chamam\u00e9.<\/p>\n<p style=\"text-align: justify;\">La oferta gastron\u00f3mica presentada por las instituciones locales que participan incluir\u00e1 diferentes comidas durante las dos primeras noches del viernes y s\u00e1bado, junto a un completo servicio de cantina. El domingo el locro, que da nombre a esta fiesta, ser\u00e1 la estrella con diferentes recetas que responden a la tradici\u00f3n de cada cocinero. Durante esa jornada se podr\u00e1 ver a los \u201clocreros\u201d cocinar en vivo las 1.500 porciones que se prev\u00e9n a un valor de 80 pesos. Habr\u00e1 tambi\u00e9n otras comidas criollas, productos regionales, panes artesanales y una oferta de dulces para postre.<\/p>\n<p style=\"text-align: justify;\">En cuanto a las entradas, el viernes 21 es libre y gratuita. Para el s\u00e1bado y domingo puede adquirirse un bono general de 100 pesos anticipado que permite ingresar los dos d\u00edas. Por otro lado, se vender\u00e1n entradas para el s\u00e1bado a 60 pesos, y para el domingo de 100 pesos por separado. Tambi\u00e9n est\u00e1 contemplada una anticipada para los habitantes de Oro Verde que tengan el domicilio en su DNI, que podr\u00e1 adquirirse por 60 pesos por persona para los dos d\u00edas. Los tickets saldr\u00e1n a la venta en los pr\u00f3ximos d\u00edas.<\/p>\n<p style=\"text-align: justify;\">Cartelera y actividades<\/p>\n<p style=\"text-align: justify;\">VIERNES 21 DE JULIO<\/p>\n<p style=\"text-align: justify;\">19 hs. Apertura de la muestra Flora y Fauna de Oro Verde. Exponen su trabajo de avistaje de aves el fot\u00f3grafo Germ\u00e1n Savor.<\/p>\n<p style=\"text-align: justify;\">21 hs. Recital folkl\u00f3rico en el que se presentar\u00e1n artistas de la regi\u00f3n. Actuar\u00e1 el tr\u00edo Rumor Litoral, integrado por las m\u00fasicas Chela Mart\u00ednez, Maru Figueroa y Anal\u00eda Bosque; el charanguista Nicol\u00e1s Faes Micheloud; Juli\u00e1n Langoni; Los Riedel; Leonel Comas y el taller de Tango del Centro de Jubilados de Oro Verde, junto al Ballet Folkl\u00f3rico municipal, entre otros artistas.<\/p>\n<p style=\"text-align: justify;\">S\u00c1BADO 22 DE JULIO<\/p>\n<p style=\"text-align: justify;\">10.30 hs. Acto oficial por el 30\u00b0 Aniversario del Municipio de Oro Verde (1987- 2017).<\/p>\n<p style=\"text-align: justify;\">21 hs. Gran Pe\u00f1a donde se realizar\u00e1 la apertura oficial de la Fiesta con diferentes artistas y el Ballet Municipal de Folklore. Ser\u00e1 la noche principal, donde actuar\u00e1n Monchito Merlo, Jorge M\u00e9ndez y el Ensamble del Movimiento de M\u00fasica Entrerriana De Costa a Costa, con una puesta en escena con m\u00e1s de 16 artistas.<\/p>\n<p style=\"text-align: justify;\">Domingo 23 de Julio<\/p>\n<p style=\"text-align: justify;\">13 hs. Fiesta gastron\u00f3mica, almuerzo con 1.500 porciones de locro. Cantina con otras comidas y bebidas. Despu\u00e9s de la comida, bailanta de la mano de Los Majestuosos del Chamam\u00e9 y Grupo Sol. Durante esta jornada estar\u00e1n habilitados diferentes paseos y muestras para recorrer, con actividades para toda la familia.<\/p>\n<p>Fuente: Municipio de Oro Verde<\/p>\n","protected":false},"excerpt":{"rendered":"<p>Las segunda Fiesta Regional del Locro mezclar\u00e1 su perfil gastron\u00f3mico con una variada cartelera de espect\u00e1culos que incluir\u00e1 a prestigiosos artistas locales el viernes 21 de julio; la presencia de&#8230;<\/p>\n","protected":false},"author":2,"featured_media":0,"comment_status":"open","ping_status":"closed","sticky":false,"template":"","format":"standard","meta":{"_eb_attr":"","footnotes":""},"categories":[5],"tags":[],"class_list":["post-1774","post","type-post","status-publish","format-standard","hentry","category-noticias-municipales","wpcat-5-id"],"_links":{"self":[{"href":"https:\/\/www.oroverde.com.ar\/web\/wp-json\/wp\/v2\/posts\/1774","targetHints":{"allow":["GET"]}}],"collection":[{"href":"https:\/\/www.oroverde.com.ar\/web\/wp-json\/wp\/v2\/posts"}],"about":[{"href":"https:\/\/www.oroverde.com.ar\/web\/wp-json\/wp\/v2\/types\/post"}],"author":[{"embeddable":true,"href":"https:\/\/www.oroverde.com.ar\/web\/wp-json\/wp\/v2\/users\/2"}],"replies":[{"embeddable":true,"href":"https:\/\/www.oroverde.com.ar\/web\/wp-json\/wp\/v2\/comments?post=1774"}],"version-history":[{"count":2,"href":"https:\/\/www.oroverde.com.ar\/web\/wp-json\/wp\/v2\/posts\/1774\/revisions"}],"predecessor-version":[{"id":1777,"href":"https:\/\/www.oroverde.com.ar\/web\/wp-json\/wp\/v2\/posts\/1774\/revisions\/1777"}],"wp:attachment":[{"href":"https:\/\/www.oroverde.com.ar\/web\/wp-json\/wp\/v2\/media?parent=1774"}],"wp:term":[{"taxonomy":"category","embeddable":true,"href":"https:\/\/www.oroverde.com.ar\/web\/wp-json\/wp\/v2\/categories?post=1774"},{"taxonomy":"post_tag","embeddable":true,"href":"https:\/\/www.oroverde.com.ar\/web\/wp-json\/wp\/v2\/tags?post=1774"}],"curies":[{"name":"wp","href":"https:\/\/api.w.org\/{rel}","templated":true}]}}