{"id":1797,"date":"2017-07-10T11:50:12","date_gmt":"2017-07-10T14:50:12","guid":{"rendered":"http:\/\/www.oroverde.com.ar\/web\/?p=1797"},"modified":"2017-07-10T11:50:43","modified_gmt":"2017-07-10T14:50:43","slug":"comenzo-la-segunda-etapa-del-paseo-de-los-trenes","status":"publish","type":"post","link":"https:\/\/www.oroverde.com.ar\/web\/comenzo-la-segunda-etapa-del-paseo-de-los-trenes\/","title":{"rendered":"Comenz\u00f3 la segunda etapa del Paseo de los Trenes"},"content":{"rendered":"<p style=\"text-align: justify;\"><a href=\"http:\/\/www.oroverde.com.ar\/web\/wp-content\/uploads\/2017\/07\/Paseo-de-los-Trenes-2-Large.jpg\"><img fetchpriority=\"high\" decoding=\"async\" class=\"size-medium wp-image-1798 alignleft\" src=\"http:\/\/www.oroverde.com.ar\/web\/wp-content\/uploads\/2017\/07\/Paseo-de-los-Trenes-2-Large-300x200.jpg\" alt=\"\" width=\"300\" height=\"200\" srcset=\"https:\/\/www.oroverde.com.ar\/web\/wp-content\/uploads\/2017\/07\/Paseo-de-los-Trenes-2-Large-300x200.jpg 300w, https:\/\/www.oroverde.com.ar\/web\/wp-content\/uploads\/2017\/07\/Paseo-de-los-Trenes-2-Large-1024x683.jpg 1024w, https:\/\/www.oroverde.com.ar\/web\/wp-content\/uploads\/2017\/07\/Paseo-de-los-Trenes-2-Large-150x100.jpg 150w, https:\/\/www.oroverde.com.ar\/web\/wp-content\/uploads\/2017\/07\/Paseo-de-los-Trenes-2-Large-768x512.jpg 768w, https:\/\/www.oroverde.com.ar\/web\/wp-content\/uploads\/2017\/07\/Paseo-de-los-Trenes-2-Large-1536x1024.jpg 1536w, https:\/\/www.oroverde.com.ar\/web\/wp-content\/uploads\/2017\/07\/Paseo-de-los-Trenes-2-Large-1226x817.jpg 1226w, https:\/\/www.oroverde.com.ar\/web\/wp-content\/uploads\/2017\/07\/Paseo-de-los-Trenes-2-Large-850x567.jpg 850w, https:\/\/www.oroverde.com.ar\/web\/wp-content\/uploads\/2017\/07\/Paseo-de-los-Trenes-2-Large.jpg 1620w\" sizes=\"(max-width: 300px) 100vw, 300px\" \/><\/a>Cuando se realiz\u00f3 la puesta en valor y construcci\u00f3n del Complejo Gastron\u00f3mico \u201cPaseo de los Trenes\u201d, se pens\u00f3 en varias etapas. La primera de ellas se inaugur\u00f3 el 2014 con la concesi\u00f3n actual, y la segunda comenz\u00f3 hace algunos d\u00edas con la reparaci\u00f3n de los vagones ubicados frente a calle Los Tordos y la construcci\u00f3n de un cuerpo de ba\u00f1os p\u00fablicos.<\/p>\n<p style=\"text-align: justify;\"><!--more--><a href=\"http:\/\/www.oroverde.com.ar\/web\/wp-content\/uploads\/2017\/07\/Paseo-de-los-Trenes-1-Large.jpg\"><img decoding=\"async\" class=\"size-medium wp-image-1799 alignleft\" src=\"http:\/\/www.oroverde.com.ar\/web\/wp-content\/uploads\/2017\/07\/Paseo-de-los-Trenes-1-Large-300x200.jpg\" alt=\"\" width=\"300\" height=\"200\" srcset=\"https:\/\/www.oroverde.com.ar\/web\/wp-content\/uploads\/2017\/07\/Paseo-de-los-Trenes-1-Large-300x200.jpg 300w, https:\/\/www.oroverde.com.ar\/web\/wp-content\/uploads\/2017\/07\/Paseo-de-los-Trenes-1-Large-1024x683.jpg 1024w, https:\/\/www.oroverde.com.ar\/web\/wp-content\/uploads\/2017\/07\/Paseo-de-los-Trenes-1-Large-150x100.jpg 150w, https:\/\/www.oroverde.com.ar\/web\/wp-content\/uploads\/2017\/07\/Paseo-de-los-Trenes-1-Large-768x512.jpg 768w, https:\/\/www.oroverde.com.ar\/web\/wp-content\/uploads\/2017\/07\/Paseo-de-los-Trenes-1-Large-1536x1024.jpg 1536w, https:\/\/www.oroverde.com.ar\/web\/wp-content\/uploads\/2017\/07\/Paseo-de-los-Trenes-1-Large-1226x817.jpg 1226w, https:\/\/www.oroverde.com.ar\/web\/wp-content\/uploads\/2017\/07\/Paseo-de-los-Trenes-1-Large-850x567.jpg 850w, https:\/\/www.oroverde.com.ar\/web\/wp-content\/uploads\/2017\/07\/Paseo-de-los-Trenes-1-Large.jpg 1620w\" sizes=\"(max-width: 300px) 100vw, 300px\" \/><\/a>Desde hace dos semanas se trabaja en el Paseo de los Trenes para dotar al Complejo de una nueva concesi\u00f3n gastron\u00f3mica que ampl\u00ede la oferta actual y la complemente. Se trata de la puesta en valor de dos vagones que se encuentran ubicados sobre la calle (Los Tordos).<\/p>\n<p style=\"text-align: justify;\">La obra comenz\u00f3 hace pocos d\u00edas, y adem\u00e1s de acondicionar los vagones, se construir\u00e1 un nuevo cuerpo de ba\u00f1os p\u00fablicos. En el mismo sentido, har\u00e1n tareas de mantenimiento en la fuente central y p\u00e9rgola del predio.<\/p>\n<p>Fuente: Municipio de Oro Verde<\/p>\n","protected":false},"excerpt":{"rendered":"<p>Cuando se realiz\u00f3 la puesta en valor y construcci\u00f3n del Complejo Gastron\u00f3mico \u201cPaseo de los Trenes\u201d, se pens\u00f3 en varias etapas. La primera de ellas se inaugur\u00f3 el 2014 con&#8230;<\/p>\n","protected":false},"author":2,"featured_media":0,"comment_status":"open","ping_status":"closed","sticky":false,"template":"","format":"standard","meta":{"_eb_attr":"","footnotes":""},"categories":[5],"tags":[],"class_list":["post-1797","post","type-post","status-publish","format-standard","hentry","category-noticias-municipales","wpcat-5-id"],"_links":{"self":[{"href":"https:\/\/www.oroverde.com.ar\/web\/wp-json\/wp\/v2\/posts\/1797","targetHints":{"allow":["GET"]}}],"collection":[{"href":"https:\/\/www.oroverde.com.ar\/web\/wp-json\/wp\/v2\/posts"}],"about":[{"href":"https:\/\/www.oroverde.com.ar\/web\/wp-json\/wp\/v2\/types\/post"}],"author":[{"embeddable":true,"href":"https:\/\/www.oroverde.com.ar\/web\/wp-json\/wp\/v2\/users\/2"}],"replies":[{"embeddable":true,"href":"https:\/\/www.oroverde.com.ar\/web\/wp-json\/wp\/v2\/comments?post=1797"}],"version-history":[{"count":1,"href":"https:\/\/www.oroverde.com.ar\/web\/wp-json\/wp\/v2\/posts\/1797\/revisions"}],"predecessor-version":[{"id":1800,"href":"https:\/\/www.oroverde.com.ar\/web\/wp-json\/wp\/v2\/posts\/1797\/revisions\/1800"}],"wp:attachment":[{"href":"https:\/\/www.oroverde.com.ar\/web\/wp-json\/wp\/v2\/media?parent=1797"}],"wp:term":[{"taxonomy":"category","embeddable":true,"href":"https:\/\/www.oroverde.com.ar\/web\/wp-json\/wp\/v2\/categories?post=1797"},{"taxonomy":"post_tag","embeddable":true,"href":"https:\/\/www.oroverde.com.ar\/web\/wp-json\/wp\/v2\/tags?post=1797"}],"curies":[{"name":"wp","href":"https:\/\/api.w.org\/{rel}","templated":true}]}}