{"id":1814,"date":"2017-07-10T12:27:22","date_gmt":"2017-07-10T15:27:22","guid":{"rendered":"http:\/\/www.oroverde.com.ar\/web\/?p=1814"},"modified":"2017-07-10T12:31:33","modified_gmt":"2017-07-10T15:31:33","slug":"se-realizo-una-nueva-reunion-organizativa-con-las-instituciones-que-participaran-de-la-ii-fiesta-del-locro","status":"publish","type":"post","link":"https:\/\/www.oroverde.com.ar\/web\/se-realizo-una-nueva-reunion-organizativa-con-las-instituciones-que-participaran-de-la-ii-fiesta-del-locro\/","title":{"rendered":"Se realiz\u00f3 una nueva reuni\u00f3n organizativa con las instituciones que participar\u00e1n de la II Fiesta del Locro"},"content":{"rendered":"<p style=\"text-align: justify;\">\n<a href=\"http:\/\/www.oroverde.com.ar\/web\/wp-content\/uploads\/2017\/07\/Reuni\u00f3n-Instituciones-Fiesta-del-Locro-2.jpg\"><img fetchpriority=\"high\" decoding=\"async\" class=\"size-medium wp-image-1818 alignleft\" src=\"http:\/\/www.oroverde.com.ar\/web\/wp-content\/uploads\/2017\/07\/Reuni\u00f3n-Instituciones-Fiesta-del-Locro-2-300x225.jpg\" alt=\"\" width=\"300\" height=\"225\" srcset=\"https:\/\/www.oroverde.com.ar\/web\/wp-content\/uploads\/2017\/07\/Reuni\u00f3n-Instituciones-Fiesta-del-Locro-2-300x225.jpg 300w, https:\/\/www.oroverde.com.ar\/web\/wp-content\/uploads\/2017\/07\/Reuni\u00f3n-Instituciones-Fiesta-del-Locro-2-1024x767.jpg 1024w, https:\/\/www.oroverde.com.ar\/web\/wp-content\/uploads\/2017\/07\/Reuni\u00f3n-Instituciones-Fiesta-del-Locro-2-150x112.jpg 150w, https:\/\/www.oroverde.com.ar\/web\/wp-content\/uploads\/2017\/07\/Reuni\u00f3n-Instituciones-Fiesta-del-Locro-2-768x576.jpg 768w, https:\/\/www.oroverde.com.ar\/web\/wp-content\/uploads\/2017\/07\/Reuni\u00f3n-Instituciones-Fiesta-del-Locro-2-850x637.jpg 850w, https:\/\/www.oroverde.com.ar\/web\/wp-content\/uploads\/2017\/07\/Reuni\u00f3n-Instituciones-Fiesta-del-Locro-2-480x360.jpg 480w, https:\/\/www.oroverde.com.ar\/web\/wp-content\/uploads\/2017\/07\/Reuni\u00f3n-Instituciones-Fiesta-del-Locro-2.jpg 1205w\" sizes=\"(max-width: 300px) 100vw, 300px\" \/><\/a>Los organizadores de la 2\u00b0 Fiesta Regional del Locro, se reunieron una vez m\u00e1s en el Quincho del Polideportivo municipal para afinar detalles de cara al evento. Fueron m\u00e1s de una docena de instituciones y organizaciones las que estuvieron representadas y se comprometieron a trabajar durante el 21, 22 y 23 de julio durante la fiesta.<\/p>\n<p style=\"text-align: justify;\"><!--more-->Un nuevo encuentro organizativo tuvo lugar el mi\u00e9rcoles por la noche en el Quincho del Polideportivo Municipal. All\u00ed se reuni\u00f3 el grupo asignado por el Gobierno municipal a la organizaci\u00f3n de la fiesta, y los representantes de las instituciones que tendr\u00e1n diferentes roles en los tres d\u00edas, y principalmente, ser\u00e1n las encargadas de ofrecer el locro en el almuerzo criollo del domingo 23 de julio.<\/p>\n<p style=\"text-align: justify;\">En esta ocasi\u00f3n se trataron los pormenores organizativos de los tres d\u00edas, los roles de cada una de las instituciones, las cuestiones de seguridad y sobre todo, las buenas pr\u00e1cticas bromatol\u00f3gicas. Se acord\u00f3 que este martes asistir\u00e1n a una capacitaci\u00f3n sobre bromatolog\u00eda con el responsable municipal de esta \u00e1rea, Jos\u00e9 Mar\u00eda Gonz\u00e1lez, para garantizar la sanidad en la producci\u00f3n y manipulaci\u00f3n de alimentos. Tambi\u00e9n se trat\u00f3 la tem\u00e1tica de los residuos con el responsable de Ambiente y GIRSU, Javier Fern\u00e1ndez, y la correcta disposici\u00f3n de los mismos.<\/p>\n<p style=\"text-align: justify;\">Adem\u00e1s, firmaron un acta acuerdo que compromete a las los participantes a presentar un balance de la actividad econ\u00f3mica en la fiesta.<\/p>\n<p style=\"text-align: justify;\">Asistieron a la reuni\u00f3n representantes del Centro de Jubilados y Pensionados de Oro Verde, la Escuela N\u00b0 20 \u201cRosario Vera Pe\u00f1aloza\u201d; el Club Atl\u00e9tico Oro Verde; la Comparsa Estrella de Oro, la Escuela Parroquial \u201cJes\u00fas Maestro y Se\u00f1or\u201d; la Cooperadora de la del Departamento de Aplicaci\u00f3n \u201cAlfredo Alfonsini\u201d; las agrupaciones tradicionalistas \u201cEl Nochero\u201d y \u201cOro Verde\u201d; el Museo Nuestra Memoria de la escuela \u201cJuan B. Alberdi\u201d, alumnos de la Escuela Alberdi, Escuela Secundaria \u201cTabar\u00e9\u201d, Comisi\u00f3n Pro Templo y el taller municipal de Panificaci\u00f3n, que son las instituciones y organizaciones que har\u00e1n comida. Tambi\u00e9n estuvieron los funcionarios municipales, junto a colaboradores que participan en la organizaci\u00f3n.<\/p>\n<p>Fuente: Municipio de Oro Verde<\/p>\n","protected":false},"excerpt":{"rendered":"<p>Los organizadores de la 2\u00b0 Fiesta Regional del Locro, se reunieron una vez m\u00e1s en el Quincho del Polideportivo municipal para afinar detalles de cara al evento. Fueron m\u00e1s de&#8230;<\/p>\n","protected":false},"author":2,"featured_media":0,"comment_status":"open","ping_status":"closed","sticky":false,"template":"","format":"standard","meta":{"_eb_attr":"","footnotes":""},"categories":[5],"tags":[],"class_list":["post-1814","post","type-post","status-publish","format-standard","hentry","category-noticias-municipales","wpcat-5-id"],"_links":{"self":[{"href":"https:\/\/www.oroverde.com.ar\/web\/wp-json\/wp\/v2\/posts\/1814","targetHints":{"allow":["GET"]}}],"collection":[{"href":"https:\/\/www.oroverde.com.ar\/web\/wp-json\/wp\/v2\/posts"}],"about":[{"href":"https:\/\/www.oroverde.com.ar\/web\/wp-json\/wp\/v2\/types\/post"}],"author":[{"embeddable":true,"href":"https:\/\/www.oroverde.com.ar\/web\/wp-json\/wp\/v2\/users\/2"}],"replies":[{"embeddable":true,"href":"https:\/\/www.oroverde.com.ar\/web\/wp-json\/wp\/v2\/comments?post=1814"}],"version-history":[{"count":2,"href":"https:\/\/www.oroverde.com.ar\/web\/wp-json\/wp\/v2\/posts\/1814\/revisions"}],"predecessor-version":[{"id":1819,"href":"https:\/\/www.oroverde.com.ar\/web\/wp-json\/wp\/v2\/posts\/1814\/revisions\/1819"}],"wp:attachment":[{"href":"https:\/\/www.oroverde.com.ar\/web\/wp-json\/wp\/v2\/media?parent=1814"}],"wp:term":[{"taxonomy":"category","embeddable":true,"href":"https:\/\/www.oroverde.com.ar\/web\/wp-json\/wp\/v2\/categories?post=1814"},{"taxonomy":"post_tag","embeddable":true,"href":"https:\/\/www.oroverde.com.ar\/web\/wp-json\/wp\/v2\/tags?post=1814"}],"curies":[{"name":"wp","href":"https:\/\/api.w.org\/{rel}","templated":true}]}}