{"id":1821,"date":"2017-07-13T11:31:54","date_gmt":"2017-07-13T14:31:54","guid":{"rendered":"http:\/\/www.oroverde.com.ar\/web\/?p=1821"},"modified":"2017-07-13T11:32:27","modified_gmt":"2017-07-13T14:32:27","slug":"se-presenta-la-ii-fiesta-regional-del-locro-en-el-ministerio-de-turismo-de-entre-rios","status":"publish","type":"post","link":"https:\/\/www.oroverde.com.ar\/web\/se-presenta-la-ii-fiesta-regional-del-locro-en-el-ministerio-de-turismo-de-entre-rios\/","title":{"rendered":"Se presenta la II Fiesta Regional del Locro en el Ministerio de Turismo de Entre R\u00edos"},"content":{"rendered":"<p style=\"text-align: justify;\"><a href=\"http:\/\/www.oroverde.com.ar\/web\/wp-content\/uploads\/2017\/07\/unnamed-4.jpg\"><img fetchpriority=\"high\" decoding=\"async\" class=\"size-medium wp-image-1822 alignleft\" src=\"http:\/\/www.oroverde.com.ar\/web\/wp-content\/uploads\/2017\/07\/unnamed-4-300x186.jpg\" alt=\"\" width=\"300\" height=\"186\" srcset=\"https:\/\/www.oroverde.com.ar\/web\/wp-content\/uploads\/2017\/07\/unnamed-4-300x186.jpg 300w, https:\/\/www.oroverde.com.ar\/web\/wp-content\/uploads\/2017\/07\/unnamed-4-1024x635.jpg 1024w, https:\/\/www.oroverde.com.ar\/web\/wp-content\/uploads\/2017\/07\/unnamed-4-150x93.jpg 150w, https:\/\/www.oroverde.com.ar\/web\/wp-content\/uploads\/2017\/07\/unnamed-4-768x476.jpg 768w, https:\/\/www.oroverde.com.ar\/web\/wp-content\/uploads\/2017\/07\/unnamed-4-1226x760.jpg 1226w, https:\/\/www.oroverde.com.ar\/web\/wp-content\/uploads\/2017\/07\/unnamed-4-850x527.jpg 850w, https:\/\/www.oroverde.com.ar\/web\/wp-content\/uploads\/2017\/07\/unnamed-4.jpg 1281w\" sizes=\"(max-width: 300px) 100vw, 300px\" \/><\/a>A \u00a0una semana de la segunda edici\u00f3n de la Fiesta Regional del Locro de Oro Verde, se realiza la presentaci\u00f3n oficial en el Ministerio de Turismo de Entre R\u00edos. Ser\u00e1 este viernes 14 de julio a las 10, en la sede de este organismo, ubicada en Laprida 5 de la capital entrerriana.<\/p>\n<p style=\"text-align: justify;\"><!--more-->La segunda Fiesta Regional del Locro forma parte de los festejos por el 30\u00ba aniversario del Municipio de Oro Verde y es una mezcla de las tradiciones folkl\u00f3ricas y gastron\u00f3micas de la regi\u00f3n. Tendr\u00e1 lugar en la zona del polideportivo municipal (Los Sauces y Los Tordos) del 21 al 23 de Julio. Durante los tres d\u00edas reunir\u00e1 figuras de la talla de \u201cMonchito\u201d Merlo, Jorge M\u00e9ndez, el Ensamble De Costa a Costa, y Los Majestuosos del Chamam\u00e9.<\/p>\n<p style=\"text-align: justify;\">En cuanto a la oferta gastron\u00f3mica, \u00a0incluir\u00e1 diferentes comidas criollas durante las dos primeras noches del viernes y s\u00e1bado, junto a un completo servicio de cantina. El domingo ser\u00e1 central el locro, que da nombre a esta fiesta, con distintas recetas que responden a la tradici\u00f3n de cada cocinero. Durante esa jornada se podr\u00e1 ver a los \u201clocreros\u201d cocinar en vivo las m\u00e1s de dos mil porciones que se prev\u00e9n a un valor de 80 pesos.<\/p>\n<p style=\"text-align: justify;\">Las entradas<br \/>\nEl viernes 21 es gratuita. Para el s\u00e1bado y domingo puede adquirirse un bono general de 100 pesos anticipado que permite ingresar los dos d\u00edas. En caso de comprarlas por separado, el s\u00e1bado tiene un costo de 60 pesos, y el domingo, de 100 pesos, que garantiza un lugar para sentarse y almorzar. Tambi\u00e9n est\u00e1 contemplada una anticipada para los habitantes de Oro Verde que tengan el domicilio en su DNI, que podr\u00e1 adquirirse por 60 pesos por persona para los dos d\u00edas.<\/p>\n<p style=\"text-align: justify;\">Los tickets pueden adquirirse en el Municipio de Oro Verde, y el lunes se agregar\u00e1n nuevos puntos de venta en Paran\u00e1 y el circuito de la Aldeas.<\/p>\n<p style=\"text-align: justify;\">Es importante remarcar que es necesario contar con platos y cubiertos el domingo, y que todas las actividades se llevar\u00e1n adelante en una carpa calefaccionada.<\/p>\n<p style=\"text-align: justify;\">Cartelera y actividades<\/p>\n<p style=\"text-align: justify;\">VIERNES 21 DE JULIO<br \/>\n19 hs. Apertura de la muestra Flora y Fauna de Oro Verde. Exponen su trabajo de avistaje de aves el fot\u00f3grafo Germ\u00e1n Savor.<\/p>\n<p style=\"text-align: justify;\">21 hs. Recital folkl\u00f3rico en el que se presentar\u00e1n artistas de la regi\u00f3n. Actuar\u00e1 el tr\u00edo Rumor Litoral, integrado por las m\u00fasicas Chela Mart\u00ednez, Maru Figueroa y Anal\u00eda Bosque; el charanguista Nicol\u00e1s Faes Micheloud; Juli\u00e1n Langoni; Los Riedel; Leonel Comas; Silvia Salomone y Jos\u00e9 Bulos; y el taller de Tango del Centro de Jubilados de Oro Verde, junto al Ballet Folkl\u00f3rico municipal, entre otros artistas.<\/p>\n<p style=\"text-align: justify;\">S\u00c1BADO 22 DE JULIO<br \/>\n10.30 hs. Acto oficial por el 30\u00b0 Aniversario del Municipio de Oro Verde (1987- 2017).<\/p>\n<p style=\"text-align: justify;\">21 hs. Gran Pe\u00f1a donde se realizar\u00e1 la apertura oficial de la Fiesta con diferentes artistas y el Ballet Municipal de Folklore. Ser\u00e1 la noche principal, donde actuar\u00e1n Monchito Merlo, Jorge M\u00e9ndez y el Ensamble del Movimiento de M\u00fasica Entrerriana De Costa a Costa, con una puesta en escena con m\u00e1s de 16 artistas.<\/p>\n<p style=\"text-align: justify;\">DOMINGO 23 DE JULIO<br \/>\n13 hs. Fiesta gastron\u00f3mica, almuerzo con dos mil porciones de locro. Cantina con otras comidas y bebidas. Despu\u00e9s de la comida, \u00a0bailanta de la mano de Los Majestuosos del Chamam\u00e9 y Grupo Sol. Durante esta jornada estar\u00e1n habilitados diferentes paseos y muestras para recorrer, con actividades para toda la familia.<\/p>\n<p>Tel\u00e9fonos de contacto para entrevistas:<\/p>\n<p>\u00c1rea Cultura Municipio de Oro Verde<br \/>\nMarianela Komar: 0343 155148782<br \/>\nGuido Marengo: 0343 154629929<\/p>\n<p>Fuente: Municipio de Oro Verde<\/p>\n","protected":false},"excerpt":{"rendered":"<p>A \u00a0una semana de la segunda edici\u00f3n de la Fiesta Regional del Locro de Oro Verde, se realiza la presentaci\u00f3n oficial en el Ministerio de Turismo de Entre R\u00edos. Ser\u00e1&#8230;<\/p>\n","protected":false},"author":2,"featured_media":0,"comment_status":"open","ping_status":"closed","sticky":false,"template":"","format":"standard","meta":{"_eb_attr":"","footnotes":""},"categories":[5],"tags":[],"class_list":["post-1821","post","type-post","status-publish","format-standard","hentry","category-noticias-municipales","wpcat-5-id"],"_links":{"self":[{"href":"https:\/\/www.oroverde.com.ar\/web\/wp-json\/wp\/v2\/posts\/1821","targetHints":{"allow":["GET"]}}],"collection":[{"href":"https:\/\/www.oroverde.com.ar\/web\/wp-json\/wp\/v2\/posts"}],"about":[{"href":"https:\/\/www.oroverde.com.ar\/web\/wp-json\/wp\/v2\/types\/post"}],"author":[{"embeddable":true,"href":"https:\/\/www.oroverde.com.ar\/web\/wp-json\/wp\/v2\/users\/2"}],"replies":[{"embeddable":true,"href":"https:\/\/www.oroverde.com.ar\/web\/wp-json\/wp\/v2\/comments?post=1821"}],"version-history":[{"count":2,"href":"https:\/\/www.oroverde.com.ar\/web\/wp-json\/wp\/v2\/posts\/1821\/revisions"}],"predecessor-version":[{"id":1824,"href":"https:\/\/www.oroverde.com.ar\/web\/wp-json\/wp\/v2\/posts\/1821\/revisions\/1824"}],"wp:attachment":[{"href":"https:\/\/www.oroverde.com.ar\/web\/wp-json\/wp\/v2\/media?parent=1821"}],"wp:term":[{"taxonomy":"category","embeddable":true,"href":"https:\/\/www.oroverde.com.ar\/web\/wp-json\/wp\/v2\/categories?post=1821"},{"taxonomy":"post_tag","embeddable":true,"href":"https:\/\/www.oroverde.com.ar\/web\/wp-json\/wp\/v2\/tags?post=1821"}],"curies":[{"name":"wp","href":"https:\/\/api.w.org\/{rel}","templated":true}]}}