{"id":1826,"date":"2017-07-19T09:02:06","date_gmt":"2017-07-19T12:02:06","guid":{"rendered":"http:\/\/www.oroverde.com.ar\/web\/?p=1826"},"modified":"2017-07-19T09:02:25","modified_gmt":"2017-07-19T12:02:25","slug":"dume-firmo-con-enersa-el-convenio-de-adhesion-a-mi-ciudad-led","status":"publish","type":"post","link":"https:\/\/www.oroverde.com.ar\/web\/dume-firmo-con-enersa-el-convenio-de-adhesion-a-mi-ciudad-led\/","title":{"rendered":"Dum\u00e9 firm\u00f3 con Enersa el convenio de adhesi\u00f3n a \u201cMi ciudad LED\u201d"},"content":{"rendered":"<p style=\"text-align: justify;\"><a href=\"http:\/\/www.oroverde.com.ar\/web\/wp-content\/uploads\/2017\/07\/Firma-ciudad-LED-Large.jpg\"><img fetchpriority=\"high\" decoding=\"async\" class=\"size-medium wp-image-1827 alignleft\" src=\"http:\/\/www.oroverde.com.ar\/web\/wp-content\/uploads\/2017\/07\/Firma-ciudad-LED-Large-300x200.jpg\" alt=\"\" width=\"300\" height=\"200\" srcset=\"https:\/\/www.oroverde.com.ar\/web\/wp-content\/uploads\/2017\/07\/Firma-ciudad-LED-Large-300x200.jpg 300w, https:\/\/www.oroverde.com.ar\/web\/wp-content\/uploads\/2017\/07\/Firma-ciudad-LED-Large-1024x683.jpg 1024w, https:\/\/www.oroverde.com.ar\/web\/wp-content\/uploads\/2017\/07\/Firma-ciudad-LED-Large-150x100.jpg 150w, https:\/\/www.oroverde.com.ar\/web\/wp-content\/uploads\/2017\/07\/Firma-ciudad-LED-Large-768x512.jpg 768w, https:\/\/www.oroverde.com.ar\/web\/wp-content\/uploads\/2017\/07\/Firma-ciudad-LED-Large-1536x1024.jpg 1536w, https:\/\/www.oroverde.com.ar\/web\/wp-content\/uploads\/2017\/07\/Firma-ciudad-LED-Large-1226x817.jpg 1226w, https:\/\/www.oroverde.com.ar\/web\/wp-content\/uploads\/2017\/07\/Firma-ciudad-LED-Large-850x567.jpg 850w, https:\/\/www.oroverde.com.ar\/web\/wp-content\/uploads\/2017\/07\/Firma-ciudad-LED-Large.jpg 1620w\" sizes=\"(max-width: 300px) 100vw, 300px\" \/><\/a>El intendente Jos\u00e9 Luis Dum\u00e9 firm\u00f3 esta ma\u00f1ana un convenio con Enersa para adherir al programa provincial Mi ciudad Led. Junto al Gerente de Gesti\u00f3n Territorial de la empresa proveedora de energ\u00eda el\u00e9ctrica, Jos\u00e9 Pablo Bertochi, analizaron los detalles de la implementaci\u00f3n. La empresa ser\u00e1 la encargada de proveer de las l\u00e1mparas que el Municipio ir\u00e1 abonando en cuotas mensuales.<\/p>\n<p style=\"text-align: justify;\"><!--more-->En el acuerdo general firmado esta ma\u00f1ana en las oficinas de la gerencia de Gesti\u00f3n Territorial de la empresa provincial de energ\u00eda (ENERSA), el Municipio de Oro Verde adhiri\u00f3 formalmente al programa provincial Mi ciudad Led, por medio del cual comenzar\u00e1 el recambio de l\u00e1mparas normales por las otras con tecnolog\u00eda LED.<\/p>\n<p style=\"text-align: justify;\">El convenio establece que la empresa tendr\u00e1 a su cargo el desarrollo e implementaci\u00f3n del Programa, efectuando la contrataci\u00f3n de la provisi\u00f3n de los elementos, artefactos y materiales necesarios para llevarlo adelante. El costo de esta contrataci\u00f3n y gesti\u00f3n del proyecto quedar\u00e1 a cargo del Municipio.<\/p>\n<p style=\"text-align: justify;\">En cuanto a las l\u00e1mparas, Enersa se compromete a entregarle l\u00e1mparas de acuerdo a los requerimientos de potencia de la localidad. El Municipio a cambio abonar\u00e1 el costo total de las l\u00e1mparas en cuotas mensuales. Este acuerdo deber\u00e1 ser discutido en el Concejo Deliberante para generar una ordenanza que acompa\u00f1e esta medida.<\/p>\n<p>Fuente: Municipio de Oro Verde<\/p>\n","protected":false},"excerpt":{"rendered":"<p>El intendente Jos\u00e9 Luis Dum\u00e9 firm\u00f3 esta ma\u00f1ana un convenio con Enersa para adherir al programa provincial Mi ciudad Led. Junto al Gerente de Gesti\u00f3n Territorial de la empresa proveedora&#8230;<\/p>\n","protected":false},"author":2,"featured_media":0,"comment_status":"open","ping_status":"closed","sticky":false,"template":"","format":"standard","meta":{"_eb_attr":"","footnotes":""},"categories":[5],"tags":[],"class_list":["post-1826","post","type-post","status-publish","format-standard","hentry","category-noticias-municipales","wpcat-5-id"],"_links":{"self":[{"href":"https:\/\/www.oroverde.com.ar\/web\/wp-json\/wp\/v2\/posts\/1826","targetHints":{"allow":["GET"]}}],"collection":[{"href":"https:\/\/www.oroverde.com.ar\/web\/wp-json\/wp\/v2\/posts"}],"about":[{"href":"https:\/\/www.oroverde.com.ar\/web\/wp-json\/wp\/v2\/types\/post"}],"author":[{"embeddable":true,"href":"https:\/\/www.oroverde.com.ar\/web\/wp-json\/wp\/v2\/users\/2"}],"replies":[{"embeddable":true,"href":"https:\/\/www.oroverde.com.ar\/web\/wp-json\/wp\/v2\/comments?post=1826"}],"version-history":[{"count":1,"href":"https:\/\/www.oroverde.com.ar\/web\/wp-json\/wp\/v2\/posts\/1826\/revisions"}],"predecessor-version":[{"id":1828,"href":"https:\/\/www.oroverde.com.ar\/web\/wp-json\/wp\/v2\/posts\/1826\/revisions\/1828"}],"wp:attachment":[{"href":"https:\/\/www.oroverde.com.ar\/web\/wp-json\/wp\/v2\/media?parent=1826"}],"wp:term":[{"taxonomy":"category","embeddable":true,"href":"https:\/\/www.oroverde.com.ar\/web\/wp-json\/wp\/v2\/categories?post=1826"},{"taxonomy":"post_tag","embeddable":true,"href":"https:\/\/www.oroverde.com.ar\/web\/wp-json\/wp\/v2\/tags?post=1826"}],"curies":[{"name":"wp","href":"https:\/\/api.w.org\/{rel}","templated":true}]}}