{"id":1830,"date":"2017-07-19T09:18:05","date_gmt":"2017-07-19T12:18:05","guid":{"rendered":"http:\/\/www.oroverde.com.ar\/web\/?p=1830"},"modified":"2017-07-19T09:18:15","modified_gmt":"2017-07-19T12:18:15","slug":"se-presento-en-conferencia-de-prensa-la-2da-fiesta-regional-del-locro-en-el-ministerio-de-turismo-de-la-provincia","status":"publish","type":"post","link":"https:\/\/www.oroverde.com.ar\/web\/se-presento-en-conferencia-de-prensa-la-2da-fiesta-regional-del-locro-en-el-ministerio-de-turismo-de-la-provincia\/","title":{"rendered":"Se present\u00f3 en conferencia de prensa la 2da. Fiesta Regional del Locro en el Ministerio de Turismo de la Provincia"},"content":{"rendered":"<p style=\"text-align: justify;\"><a href=\"http:\/\/www.oroverde.com.ar\/web\/wp-content\/uploads\/2017\/07\/Conf-locro-1-Large.jpg\"><img fetchpriority=\"high\" decoding=\"async\" class=\"size-medium wp-image-1831 alignleft\" src=\"http:\/\/www.oroverde.com.ar\/web\/wp-content\/uploads\/2017\/07\/Conf-locro-1-Large-300x200.jpg\" alt=\"\" width=\"300\" height=\"200\" srcset=\"https:\/\/www.oroverde.com.ar\/web\/wp-content\/uploads\/2017\/07\/Conf-locro-1-Large-300x200.jpg 300w, https:\/\/www.oroverde.com.ar\/web\/wp-content\/uploads\/2017\/07\/Conf-locro-1-Large-1024x683.jpg 1024w, https:\/\/www.oroverde.com.ar\/web\/wp-content\/uploads\/2017\/07\/Conf-locro-1-Large-150x100.jpg 150w, https:\/\/www.oroverde.com.ar\/web\/wp-content\/uploads\/2017\/07\/Conf-locro-1-Large-768x512.jpg 768w, https:\/\/www.oroverde.com.ar\/web\/wp-content\/uploads\/2017\/07\/Conf-locro-1-Large-1536x1024.jpg 1536w, https:\/\/www.oroverde.com.ar\/web\/wp-content\/uploads\/2017\/07\/Conf-locro-1-Large-1226x817.jpg 1226w, https:\/\/www.oroverde.com.ar\/web\/wp-content\/uploads\/2017\/07\/Conf-locro-1-Large-850x567.jpg 850w, https:\/\/www.oroverde.com.ar\/web\/wp-content\/uploads\/2017\/07\/Conf-locro-1-Large.jpg 1620w\" sizes=\"(max-width: 300px) 100vw, 300px\" \/><\/a>Esta ma\u00f1ana se llev\u00f3 adelante la conferencia de prensa en el Ministerio de Turismo de Entre R\u00edos donde se present\u00f3 la 2da. Fiesta Regional del Locro que se realizar\u00e1 desde el 21 al 23 de julio, donde habr\u00e1 grandes referentes de la m\u00fasica folkl\u00f3rica y dos mil porciones de locro para degustar.<\/p>\n<p style=\"text-align: justify;\"><!--more-->Particip\u00f3 el intendente Jos\u00e9 Luis Dum\u00e9, el responsable de Deporte y Turismo, Marcelo Barreto, la titular del \u00e1rea Joven e integrante de la Comisi\u00f3n de Cultura municipal, Marianela Komar, y el director de Promoci\u00f3n Tur\u00edstica, Hugo Guisolfi por el ministerio de Turismo de Entre R\u00edos.<\/p>\n<p style=\"text-align: justify;\">Jos\u00e9 Luis Dum\u00e9, por su parte explic\u00f3, \u201cdespu\u00e9s la repercusi\u00f3n que tuvo la primera fiesta, que fue de un d\u00eda, hoy tomamos el desaf\u00edo de redoblar la apuesta junto a las instituciones de la localidad y estamos invitando desde el 21 al 23 de Julio, para que se acerquen a disfrutar no s\u00f3lo de la gastronom\u00eda, sino tambi\u00e9n de un gran n\u00famero de artistas que nos van a estar acompa\u00f1ando el viernes a la noche, el s\u00e1bado y el domingo durante la tarde\u201d. El intendente remarc\u00f3 el componente colectivo del evento, \u201cla fiesta surgi\u00f3 desde las instituciones, tenemos en Oro Verde destacados cocineros de este plato y el a\u00f1o pasado propusieron esta idea que tom\u00f3 impulso y nuestro desaf\u00edo es poder sostenerlo en el tiempo\u201d.<\/p>\n<p style=\"text-align: justify;\"><a href=\"http:\/\/www.oroverde.com.ar\/web\/wp-content\/uploads\/2017\/07\/Con-locro-8-Large.jpg\"><img decoding=\"async\" class=\"size-medium wp-image-1832 alignleft\" src=\"http:\/\/www.oroverde.com.ar\/web\/wp-content\/uploads\/2017\/07\/Con-locro-8-Large-300x200.jpg\" alt=\"\" width=\"300\" height=\"200\" srcset=\"https:\/\/www.oroverde.com.ar\/web\/wp-content\/uploads\/2017\/07\/Con-locro-8-Large-300x200.jpg 300w, https:\/\/www.oroverde.com.ar\/web\/wp-content\/uploads\/2017\/07\/Con-locro-8-Large-1024x683.jpg 1024w, https:\/\/www.oroverde.com.ar\/web\/wp-content\/uploads\/2017\/07\/Con-locro-8-Large-150x100.jpg 150w, https:\/\/www.oroverde.com.ar\/web\/wp-content\/uploads\/2017\/07\/Con-locro-8-Large-768x512.jpg 768w, https:\/\/www.oroverde.com.ar\/web\/wp-content\/uploads\/2017\/07\/Con-locro-8-Large-1536x1024.jpg 1536w, https:\/\/www.oroverde.com.ar\/web\/wp-content\/uploads\/2017\/07\/Con-locro-8-Large-1226x817.jpg 1226w, https:\/\/www.oroverde.com.ar\/web\/wp-content\/uploads\/2017\/07\/Con-locro-8-Large-850x567.jpg 850w, https:\/\/www.oroverde.com.ar\/web\/wp-content\/uploads\/2017\/07\/Con-locro-8-Large.jpg 1620w\" sizes=\"(max-width: 300px) 100vw, 300px\" \/><\/a>Por su parte, Marianela Komar se centr\u00f3 en la cartelera de la fiesta: \u201cla noche central va a ser la del s\u00e1bado con la actuaci\u00f3n de Monchito Merlo, Jorge M\u00e9ndez y el Ensamble De Costa a Costa. El viernes proponemos una pe\u00f1a con artistas locales de muy buen nivel, y el domingo el gran almuerzo en una carpa acondicionada con todas las comodidades y un cierre con los Majestuosos del Chamam\u00e9\u201d.<\/p>\n<p style=\"text-align: justify;\">Los funcionarios municipales estuvieron acompa\u00f1ados por representantes de las instituciones y organizaciones locales que se encargar\u00e1n de la oferta gastron\u00f3mica. Adem\u00e1s, particip\u00f3 la profesora del taller municipal de Panader\u00eda, Luc\u00eda Ma\u00edn, que cocin\u00f3 locro para la ocasi\u00f3n y los bailarines folkl\u00f3ricos, Betty Porciel y Oscar Gianotti.<\/p>\n<p style=\"text-align: justify;\">Cartelera y grilla de la 2da. Fiesta Regional del Locro<\/p>\n<p style=\"text-align: justify;\">VIERNES 21 DE JULIO<\/p>\n<p style=\"text-align: justify;\">19 hs. Apertura de la muestra Flora y Fauna de Oro Verde. Exponen su trabajo de avistaje de aves el fot\u00f3grafo Germ\u00e1n Savor.<\/p>\n<p style=\"text-align: justify;\">21 hs. Recital folkl\u00f3rico en el que se presentar\u00e1n artistas de la regi\u00f3n. Actuar\u00e1 el tr\u00edo Rumor Litoral, integrado por las m\u00fasicas Chela Mart\u00ednez, Maru Figueroa y Anal\u00eda Bosque; el charanguista Nicol\u00e1s Faes Micheloud; Juli\u00e1n Langoni; Los Riedel; Leonel Comas; Silvia Salomone y Jos\u00e9 Bulos; y el taller de Tango del Centro de Jubilados de Oro Verde, junto al Ballet Folkl\u00f3rico municipal, entre otros artistas.<\/p>\n<p style=\"text-align: justify;\">S\u00c1BADO 22 DE JULIO<\/p>\n<p style=\"text-align: justify;\">10.30 hs. Acto oficial por el 30\u00b0 Aniversario del Municipio de Oro Verde (1987- 2017).<\/p>\n<p style=\"text-align: justify;\">21 hs. Gran Pe\u00f1a donde se realizar\u00e1 la apertura oficial de la Fiesta con diferentes artistas y el Ballet Municipal de Folklore. Ser\u00e1 la noche principal, donde actuar\u00e1n Monchito Merlo, Jorge M\u00e9ndez y el Ensamble del Movimiento de M\u00fasica Entrerriana De Costa a Costa, con una puesta en escena con m\u00e1s de 16 artistas.<\/p>\n<p style=\"text-align: justify;\">DOMINGO 23 DE JULIO<\/p>\n<p style=\"text-align: justify;\">13 hs. Fiesta gastron\u00f3mica, almuerzo con dos mil porciones de locro. Cantina con otras comidas y bebidas. Despu\u00e9s de la comida, bailanta de la mano de Los Majestuosos del Chamam\u00e9 y Grupo Sol. Durante esta jornada estar\u00e1n habilitados diferentes paseos y muestras para recorrer, con actividades para toda la familia.<\/p>\n<p>Fuente: Municipio de Oro Verde<\/p>\n","protected":false},"excerpt":{"rendered":"<p>Esta ma\u00f1ana se llev\u00f3 adelante la conferencia de prensa en el Ministerio de Turismo de Entre R\u00edos donde se present\u00f3 la 2da. Fiesta Regional del Locro que se realizar\u00e1 desde&#8230;<\/p>\n","protected":false},"author":2,"featured_media":0,"comment_status":"open","ping_status":"closed","sticky":false,"template":"","format":"standard","meta":{"_eb_attr":"","footnotes":""},"categories":[5],"tags":[],"class_list":["post-1830","post","type-post","status-publish","format-standard","hentry","category-noticias-municipales","wpcat-5-id"],"_links":{"self":[{"href":"https:\/\/www.oroverde.com.ar\/web\/wp-json\/wp\/v2\/posts\/1830","targetHints":{"allow":["GET"]}}],"collection":[{"href":"https:\/\/www.oroverde.com.ar\/web\/wp-json\/wp\/v2\/posts"}],"about":[{"href":"https:\/\/www.oroverde.com.ar\/web\/wp-json\/wp\/v2\/types\/post"}],"author":[{"embeddable":true,"href":"https:\/\/www.oroverde.com.ar\/web\/wp-json\/wp\/v2\/users\/2"}],"replies":[{"embeddable":true,"href":"https:\/\/www.oroverde.com.ar\/web\/wp-json\/wp\/v2\/comments?post=1830"}],"version-history":[{"count":1,"href":"https:\/\/www.oroverde.com.ar\/web\/wp-json\/wp\/v2\/posts\/1830\/revisions"}],"predecessor-version":[{"id":1833,"href":"https:\/\/www.oroverde.com.ar\/web\/wp-json\/wp\/v2\/posts\/1830\/revisions\/1833"}],"wp:attachment":[{"href":"https:\/\/www.oroverde.com.ar\/web\/wp-json\/wp\/v2\/media?parent=1830"}],"wp:term":[{"taxonomy":"category","embeddable":true,"href":"https:\/\/www.oroverde.com.ar\/web\/wp-json\/wp\/v2\/categories?post=1830"},{"taxonomy":"post_tag","embeddable":true,"href":"https:\/\/www.oroverde.com.ar\/web\/wp-json\/wp\/v2\/tags?post=1830"}],"curies":[{"name":"wp","href":"https:\/\/api.w.org\/{rel}","templated":true}]}}