{"id":1884,"date":"2017-08-01T09:05:33","date_gmt":"2017-08-01T12:05:33","guid":{"rendered":"http:\/\/www.oroverde.com.ar\/web\/?p=1884"},"modified":"2017-08-01T09:07:04","modified_gmt":"2017-08-01T12:07:04","slug":"dume-firmo-un-convenio-con-el-ministerio-de-salud","status":"publish","type":"post","link":"https:\/\/www.oroverde.com.ar\/web\/dume-firmo-un-convenio-con-el-ministerio-de-salud\/","title":{"rendered":"Dum\u00e9 firm\u00f3 un convenio con el ministerio de Salud"},"content":{"rendered":"<p style=\"text-align: justify;\"><a href=\"http:\/\/www.oroverde.com.ar\/web\/wp-content\/uploads\/2017\/08\/Firma-de-convenio-en-Salud-1.jpeg\"><img fetchpriority=\"high\" decoding=\"async\" class=\"size-medium wp-image-1885 alignleft\" src=\"http:\/\/www.oroverde.com.ar\/web\/wp-content\/uploads\/2017\/08\/Firma-de-convenio-en-Salud-1-300x225.jpeg\" alt=\"\" width=\"300\" height=\"225\" srcset=\"https:\/\/www.oroverde.com.ar\/web\/wp-content\/uploads\/2017\/08\/Firma-de-convenio-en-Salud-1-300x225.jpeg 300w, https:\/\/www.oroverde.com.ar\/web\/wp-content\/uploads\/2017\/08\/Firma-de-convenio-en-Salud-1-1024x768.jpeg 1024w, https:\/\/www.oroverde.com.ar\/web\/wp-content\/uploads\/2017\/08\/Firma-de-convenio-en-Salud-1-150x113.jpeg 150w, https:\/\/www.oroverde.com.ar\/web\/wp-content\/uploads\/2017\/08\/Firma-de-convenio-en-Salud-1-768x576.jpeg 768w, https:\/\/www.oroverde.com.ar\/web\/wp-content\/uploads\/2017\/08\/Firma-de-convenio-en-Salud-1-850x638.jpeg 850w, https:\/\/www.oroverde.com.ar\/web\/wp-content\/uploads\/2017\/08\/Firma-de-convenio-en-Salud-1-480x360.jpeg 480w, https:\/\/www.oroverde.com.ar\/web\/wp-content\/uploads\/2017\/08\/Firma-de-convenio-en-Salud-1.jpeg 1040w\" sizes=\"(max-width: 300px) 100vw, 300px\" \/><\/a>El intendente Jos\u00e9 Luis Dum\u00e9, y el responsable de Ambiente y GIRSU, Javier Fern\u00e1ndez, asistieron este mi\u00e9rcoles en Paran\u00e1, a la firma de un convenio para la implementaci\u00f3n del Proyecto de Protecci\u00f3n de la Poblaci\u00f3n Vulnerable Contra las Enfermedades Cr\u00f3nicas No Transmisibles. El Municipio ya se encuentra trabajando en iniciativas que promueven h\u00e1bitos de vida saludables desde hace tiempo, por lo que este programa reforzar\u00eda estas acciones con recursos econ\u00f3micos.<\/p>\n<p style=\"text-align: justify;\"><!--more-->Mediante un convenio marco, la Provincia de Entre R\u00edos, el Ministerio de Salud de la Naci\u00f3n, y el Municipio, acordaron la implementaci\u00f3n del \u201cProyecto de Protecci\u00f3n de la Poblaci\u00f3n Vulnerable Contra las Enfermedades Cr\u00f3nicas No Transmisibles\u201d.<\/p>\n<p style=\"text-align: justify;\">Se establece as\u00ed un Compromiso Municipal de Gesti\u00f3n Anual (CMGA), con el objeto de proteger a los grupos de poblaci\u00f3n vulnerable contra los factores de riesgo de enfermedades cr\u00f3nicas no transmisibles de mayor prevalencia. Para esto, se implementar\u00e1n a nivel municipal, diferentes intervenciones de base poblacional focalizadas en la promoci\u00f3n de estilos de vida saludables, estableciendo los objetivos espec\u00edficos, las metas, sus indicadores, el plan de trabajo y los montos estimados por cumplimiento de indicadores de transferencia del per\u00edodo. Adem\u00e1s, se establecer\u00e1 conjuntamente con los requisitos de auditor\u00eda, un sistema de monitoreo y evaluaci\u00f3n y deberes de informaci\u00f3n entre las partes, todo lo cual ser\u00e1 revisado y redefinido anualmente.<\/p>\n<p style=\"text-align: justify;\">El monto que ingresar\u00e1 al Municipio para la implementaci\u00f3n de este proyecto a lo largo del a\u00f1o, ronda los 200.000 pesos.<\/p>\n<p>Fuente: Municipio de Oro Verde<\/p>\n","protected":false},"excerpt":{"rendered":"<p>El intendente Jos\u00e9 Luis Dum\u00e9, y el responsable de Ambiente y GIRSU, Javier Fern\u00e1ndez, asistieron este mi\u00e9rcoles en Paran\u00e1, a la firma de un convenio para la implementaci\u00f3n del Proyecto&#8230;<\/p>\n","protected":false},"author":2,"featured_media":0,"comment_status":"open","ping_status":"closed","sticky":false,"template":"","format":"standard","meta":{"_eb_attr":"","footnotes":""},"categories":[5],"tags":[],"class_list":["post-1884","post","type-post","status-publish","format-standard","hentry","category-noticias-municipales","wpcat-5-id"],"_links":{"self":[{"href":"https:\/\/www.oroverde.com.ar\/web\/wp-json\/wp\/v2\/posts\/1884","targetHints":{"allow":["GET"]}}],"collection":[{"href":"https:\/\/www.oroverde.com.ar\/web\/wp-json\/wp\/v2\/posts"}],"about":[{"href":"https:\/\/www.oroverde.com.ar\/web\/wp-json\/wp\/v2\/types\/post"}],"author":[{"embeddable":true,"href":"https:\/\/www.oroverde.com.ar\/web\/wp-json\/wp\/v2\/users\/2"}],"replies":[{"embeddable":true,"href":"https:\/\/www.oroverde.com.ar\/web\/wp-json\/wp\/v2\/comments?post=1884"}],"version-history":[{"count":1,"href":"https:\/\/www.oroverde.com.ar\/web\/wp-json\/wp\/v2\/posts\/1884\/revisions"}],"predecessor-version":[{"id":1886,"href":"https:\/\/www.oroverde.com.ar\/web\/wp-json\/wp\/v2\/posts\/1884\/revisions\/1886"}],"wp:attachment":[{"href":"https:\/\/www.oroverde.com.ar\/web\/wp-json\/wp\/v2\/media?parent=1884"}],"wp:term":[{"taxonomy":"category","embeddable":true,"href":"https:\/\/www.oroverde.com.ar\/web\/wp-json\/wp\/v2\/categories?post=1884"},{"taxonomy":"post_tag","embeddable":true,"href":"https:\/\/www.oroverde.com.ar\/web\/wp-json\/wp\/v2\/tags?post=1884"}],"curies":[{"name":"wp","href":"https:\/\/api.w.org\/{rel}","templated":true}]}}