{"id":1887,"date":"2017-08-01T09:14:54","date_gmt":"2017-08-01T12:14:54","guid":{"rendered":"http:\/\/www.oroverde.com.ar\/web\/?p=1887"},"modified":"2017-08-01T09:14:54","modified_gmt":"2017-08-01T12:14:54","slug":"el-intendente-participo-de-la-firma-del-convenio-de-atencion-a-pacientes-sin-obra-social-en-el-cemener","status":"publish","type":"post","link":"https:\/\/www.oroverde.com.ar\/web\/el-intendente-participo-de-la-firma-del-convenio-de-atencion-a-pacientes-sin-obra-social-en-el-cemener\/","title":{"rendered":"El intendente particip\u00f3 de la firma del convenio de atenci\u00f3n a pacientes sin obra social en el Cemener"},"content":{"rendered":"<p style=\"text-align: justify;\"><a href=\"http:\/\/www.oroverde.com.ar\/web\/wp-content\/uploads\/2017\/08\/Firma-Cemener.jpg\"><img fetchpriority=\"high\" decoding=\"async\" class=\"size-medium wp-image-1888 alignleft\" src=\"http:\/\/www.oroverde.com.ar\/web\/wp-content\/uploads\/2017\/08\/Firma-Cemener-300x200.jpg\" alt=\"\" width=\"300\" height=\"200\" srcset=\"https:\/\/www.oroverde.com.ar\/web\/wp-content\/uploads\/2017\/08\/Firma-Cemener-300x200.jpg 300w, https:\/\/www.oroverde.com.ar\/web\/wp-content\/uploads\/2017\/08\/Firma-Cemener-1024x683.jpg 1024w, https:\/\/www.oroverde.com.ar\/web\/wp-content\/uploads\/2017\/08\/Firma-Cemener-150x100.jpg 150w, https:\/\/www.oroverde.com.ar\/web\/wp-content\/uploads\/2017\/08\/Firma-Cemener-768x512.jpg 768w, https:\/\/www.oroverde.com.ar\/web\/wp-content\/uploads\/2017\/08\/Firma-Cemener-1536x1024.jpg 1536w, https:\/\/www.oroverde.com.ar\/web\/wp-content\/uploads\/2017\/08\/Firma-Cemener-1226x817.jpg 1226w, https:\/\/www.oroverde.com.ar\/web\/wp-content\/uploads\/2017\/08\/Firma-Cemener-850x567.jpg 850w, https:\/\/www.oroverde.com.ar\/web\/wp-content\/uploads\/2017\/08\/Firma-Cemener.jpg 1920w\" sizes=\"(max-width: 300px) 100vw, 300px\" \/><\/a>Mediante un acuerdo de colaboraci\u00f3n entre la Fundaci\u00f3n Centro de Medicina Nuclear y Molecular de Entre R\u00edos (Cemener) y la provincia, aproximadamente 450.000 entrerrianos podr\u00e1n acceder a la medicina nuclear en neurolog\u00eda, oncolog\u00eda, cardiolog\u00eda y otras patolog\u00edas, tanto a nivel de diagn\u00f3stico como tratamiento, con la tecnolog\u00eda m\u00e1s importante de Latinoam\u00e9rica.<\/p>\n<p style=\"text-align: justify;\"><!--more-->El gobernador Gustavo Bordet firm\u00f3 el documento en las instalaciones del Cemener este martes, acompa\u00f1ado por la ministra de Salud, Sonia Vel\u00e1zquez; el presidente del Consejo de Administraci\u00f3n de esta instituci\u00f3n, Valent\u00edn Ugarte; el vicepresidente y presidente del IOSPER, Fernando Ca\u00f1ete, y el intendente de Oro Verde, Jos\u00e9 Luis DUm\u00e9.<\/p>\n<p style=\"text-align: justify;\">El acuerdo con Cemener est\u00e1 dirigido a los sectores de la poblaci\u00f3n que no integran los sistemas de la seguridad social o prepagos y son atendidos por los efectores p\u00fablicos de la provincia, respetando fundamentalmente los derechos a la salud de la poblaci\u00f3n m\u00e1s vulnerable.<\/p>\n<p style=\"text-align: justify;\">El mandatario provincial se\u00f1al\u00f3 en su visita que \u201ceste convenio es algo que ven\u00edamos trabajando, de mucha importancia en el sentido de poder incorporar las prestaciones de servicios a personas que no poseen obra social. Esto significa ganar much\u00edsimo en calidad en materia prestacional de salud\u201d.<\/p>\n<p style=\"text-align: justify;\">Cabe destacar que, en principio, las actividades m\u00e9dico asistenciales se trabajar\u00e1n con los cinco hospitales de referencia de la provincia comprendiendo por ello a los pacientes derivados de los hospitales San Mart\u00edn y San Roque de Paran\u00e1; Justo Jos\u00e9 de Urquiza de Concepci\u00f3n del Uruguay; Delicia Concepci\u00f3n Masvernat de Concordia y Centenario de Gualeguaych\u00fa.<\/p>\n<p style=\"text-align: justify;\">En el acto estuvieron presentes, adem\u00e1s, el senador provincial Raymundo Kisser; los diputados Rosario Romero y \u00c1ngel V\u00e1zquez; el fiscal de Estado, Julio Rodr\u00edguez Signes; el decano de la Facultad de Ingenier\u00eda de la UNER, Gerardo Gentiletti; la subdirectora del Instituto Becario, Claudia Gieco; el intendente de Santa Elena, Silvio Moreyra; funcionarios del Poder Ejecutivo; directores de hospitales, representantes de ONGs y del consejo de Administraci\u00f3n del Cemener.<\/p>\n<p>Fuente: Municipio de Oro Verde<\/p>\n","protected":false},"excerpt":{"rendered":"<p>Mediante un acuerdo de colaboraci\u00f3n entre la Fundaci\u00f3n Centro de Medicina Nuclear y Molecular de Entre R\u00edos (Cemener) y la provincia, aproximadamente 450.000 entrerrianos podr\u00e1n acceder a la medicina nuclear&#8230;<\/p>\n","protected":false},"author":2,"featured_media":0,"comment_status":"open","ping_status":"closed","sticky":false,"template":"","format":"standard","meta":{"_eb_attr":"","footnotes":""},"categories":[5],"tags":[],"class_list":["post-1887","post","type-post","status-publish","format-standard","hentry","category-noticias-municipales","wpcat-5-id"],"_links":{"self":[{"href":"https:\/\/www.oroverde.com.ar\/web\/wp-json\/wp\/v2\/posts\/1887","targetHints":{"allow":["GET"]}}],"collection":[{"href":"https:\/\/www.oroverde.com.ar\/web\/wp-json\/wp\/v2\/posts"}],"about":[{"href":"https:\/\/www.oroverde.com.ar\/web\/wp-json\/wp\/v2\/types\/post"}],"author":[{"embeddable":true,"href":"https:\/\/www.oroverde.com.ar\/web\/wp-json\/wp\/v2\/users\/2"}],"replies":[{"embeddable":true,"href":"https:\/\/www.oroverde.com.ar\/web\/wp-json\/wp\/v2\/comments?post=1887"}],"version-history":[{"count":1,"href":"https:\/\/www.oroverde.com.ar\/web\/wp-json\/wp\/v2\/posts\/1887\/revisions"}],"predecessor-version":[{"id":1889,"href":"https:\/\/www.oroverde.com.ar\/web\/wp-json\/wp\/v2\/posts\/1887\/revisions\/1889"}],"wp:attachment":[{"href":"https:\/\/www.oroverde.com.ar\/web\/wp-json\/wp\/v2\/media?parent=1887"}],"wp:term":[{"taxonomy":"category","embeddable":true,"href":"https:\/\/www.oroverde.com.ar\/web\/wp-json\/wp\/v2\/categories?post=1887"},{"taxonomy":"post_tag","embeddable":true,"href":"https:\/\/www.oroverde.com.ar\/web\/wp-json\/wp\/v2\/tags?post=1887"}],"curies":[{"name":"wp","href":"https:\/\/api.w.org\/{rel}","templated":true}]}}