{"id":1890,"date":"2017-08-01T09:36:49","date_gmt":"2017-08-01T12:36:49","guid":{"rendered":"http:\/\/www.oroverde.com.ar\/web\/?p=1890"},"modified":"2017-08-01T09:37:00","modified_gmt":"2017-08-01T12:37:00","slug":"un-fin-de-semana-de-festejo-en-la-segunda-edicion-de-la-fiesta-regional-del-locro","status":"publish","type":"post","link":"https:\/\/www.oroverde.com.ar\/web\/un-fin-de-semana-de-festejo-en-la-segunda-edicion-de-la-fiesta-regional-del-locro\/","title":{"rendered":"Un fin de semana de festejo en la segunda edici\u00f3n de la Fiesta Regional del Locro"},"content":{"rendered":"<p style=\"text-align: justify;\"><a href=\"http:\/\/www.oroverde.com.ar\/web\/wp-content\/uploads\/2017\/08\/Fiesta-del-Locro-Dia-3-5.jpg\"><img fetchpriority=\"high\" decoding=\"async\" class=\"size-medium wp-image-1891 alignleft\" src=\"http:\/\/www.oroverde.com.ar\/web\/wp-content\/uploads\/2017\/08\/Fiesta-del-Locro-Dia-3-5-300x200.jpg\" alt=\"\" width=\"300\" height=\"200\" srcset=\"https:\/\/www.oroverde.com.ar\/web\/wp-content\/uploads\/2017\/08\/Fiesta-del-Locro-Dia-3-5-300x200.jpg 300w, https:\/\/www.oroverde.com.ar\/web\/wp-content\/uploads\/2017\/08\/Fiesta-del-Locro-Dia-3-5-1024x683.jpg 1024w, https:\/\/www.oroverde.com.ar\/web\/wp-content\/uploads\/2017\/08\/Fiesta-del-Locro-Dia-3-5-150x100.jpg 150w, https:\/\/www.oroverde.com.ar\/web\/wp-content\/uploads\/2017\/08\/Fiesta-del-Locro-Dia-3-5-768x512.jpg 768w, https:\/\/www.oroverde.com.ar\/web\/wp-content\/uploads\/2017\/08\/Fiesta-del-Locro-Dia-3-5-1536x1025.jpg 1536w, https:\/\/www.oroverde.com.ar\/web\/wp-content\/uploads\/2017\/08\/Fiesta-del-Locro-Dia-3-5-1226x818.jpg 1226w, https:\/\/www.oroverde.com.ar\/web\/wp-content\/uploads\/2017\/08\/Fiesta-del-Locro-Dia-3-5-850x567.jpg 850w, https:\/\/www.oroverde.com.ar\/web\/wp-content\/uploads\/2017\/08\/Fiesta-del-Locro-Dia-3-5.jpg 1649w\" sizes=\"(max-width: 300px) 100vw, 300px\" \/><\/a>La 2da. Fiesta Regional del Locro fue un gran \u00e9xito. El p\u00fablico respondi\u00f3 a la propuesta colmando la carpa instalada en las inmediaciones del Polideportivo Municipal. Durante tres d\u00edas el escenario se llen\u00f3 de m\u00fasica: el viernes fue la noche de artistas locales, el s\u00e1bado la cartelera reuni\u00f3 al Ensamble De Costa a Costa, a Jorge M\u00e9ndez y a \u201cMonchito Merlo\u201d, y el domingo, junto al gran almuerzo, se presentaron Los Majestuosos del Chamam\u00e9 y el Grupo Sol. El intendente Jos\u00e9 Luis Dum\u00e9 y el grupo organizador, destacaron \u201cla participaci\u00f3n y el compromiso de las instituciones que se encargaron de la propuesta gastron\u00f3mica de la fiesta\u201d.<\/p>\n<p style=\"text-align: justify;\"><!--more-->Las actividades comenzaron en la tarde del viernes cuando se realiz\u00f3 la apertura de la muestra \u201cOro Verde, naturaleza viva\u201d, que mediante fotograf\u00edas tomadas en entornos naturales, ofreci\u00f3 un viaje a rincones inexplorados de nuestra localidad. Expusieron su trabajo en el Museo \u201cConrado Hasenauer\u201d los fot\u00f3grafos Germ\u00e1n Savor y Fabricio Reales.<\/p>\n<p style=\"text-align: justify;\">M\u00e1s tarde empez\u00f3 a sentirse el clima de fiesta de la mano de artistas de la regi\u00f3n; actu\u00f3 el tr\u00edo Rumor Litoral, integrado por las m\u00fasicas Chela Mart\u00ednez, Maru Figueroa y Anal\u00eda Bosque; el charanguista Nicol\u00e1s Faes Micheloud; Juli\u00e1n Langoni; Los Riedel; Leonel Comas; Silvia Salomone y Jos\u00e9 Bulos; Brenda Espinosa y el taller de Tango del Centro de Jubilados de Oro Verde, junto al Ballet Folkl\u00f3rico municipal, entre otros artistas.<\/p>\n<p style=\"text-align: justify;\">El s\u00e1bado empez\u00f3 con una apertura creada por vecinos de Oro Verde y parte de los talleres municipales, que fue ampliamente aplaudida. La puesta en escena tuvo como eje al taller Municipal de Folklore que recre\u00f3 un baile anta\u00f1o. Los bailarines y actores fueron maquillados por el taller de Maquillaje Art\u00edstico y peinados por el de Peluquer\u00eda. El taller de Escenograf\u00eda y el de Pintura montaron la escena. Adem\u00e1s, se proyect\u00f3 un video en el que los vecinos y vecinas de Oro Verde respondieron a la pregunta de \u00bfC\u00f3mo se hace el locro?<\/p>\n<div id='gallery-1' class='gallery galleryid-1890 gallery-columns-3 gallery-size-thumbnail'><figure class='gallery-item'>\n\t\t\t<div class='gallery-icon landscape'>\n\t\t\t\t<a href='https:\/\/www.oroverde.com.ar\/web\/un-fin-de-semana-de-festejo-en-la-segunda-edicion-de-la-fiesta-regional-del-locro\/fiesta-regional-del-locro-dia-2-3\/'><img decoding=\"async\" width=\"150\" height=\"100\" src=\"https:\/\/www.oroverde.com.ar\/web\/wp-content\/uploads\/2017\/08\/Fiesta-Regional-del-Locro-D\u00eda-2-3-150x100.jpg\" class=\"attachment-thumbnail size-thumbnail\" alt=\"\" srcset=\"https:\/\/www.oroverde.com.ar\/web\/wp-content\/uploads\/2017\/08\/Fiesta-Regional-del-Locro-D\u00eda-2-3-150x100.jpg 150w, https:\/\/www.oroverde.com.ar\/web\/wp-content\/uploads\/2017\/08\/Fiesta-Regional-del-Locro-D\u00eda-2-3-300x200.jpg 300w, https:\/\/www.oroverde.com.ar\/web\/wp-content\/uploads\/2017\/08\/Fiesta-Regional-del-Locro-D\u00eda-2-3-1024x683.jpg 1024w, https:\/\/www.oroverde.com.ar\/web\/wp-content\/uploads\/2017\/08\/Fiesta-Regional-del-Locro-D\u00eda-2-3-768x513.jpg 768w, https:\/\/www.oroverde.com.ar\/web\/wp-content\/uploads\/2017\/08\/Fiesta-Regional-del-Locro-D\u00eda-2-3-1536x1025.jpg 1536w, https:\/\/www.oroverde.com.ar\/web\/wp-content\/uploads\/2017\/08\/Fiesta-Regional-del-Locro-D\u00eda-2-3-1226x818.jpg 1226w, https:\/\/www.oroverde.com.ar\/web\/wp-content\/uploads\/2017\/08\/Fiesta-Regional-del-Locro-D\u00eda-2-3-850x567.jpg 850w, https:\/\/www.oroverde.com.ar\/web\/wp-content\/uploads\/2017\/08\/Fiesta-Regional-del-Locro-D\u00eda-2-3.jpg 1648w\" sizes=\"(max-width: 150px) 100vw, 150px\" \/><\/a>\n\t\t\t<\/div><\/figure><figure class='gallery-item'>\n\t\t\t<div class='gallery-icon landscape'>\n\t\t\t\t<a href='https:\/\/www.oroverde.com.ar\/web\/un-fin-de-semana-de-festejo-en-la-segunda-edicion-de-la-fiesta-regional-del-locro\/fiesta-del-locro-dia-1-2\/'><img decoding=\"async\" width=\"150\" height=\"100\" src=\"https:\/\/www.oroverde.com.ar\/web\/wp-content\/uploads\/2017\/08\/Fiesta-del-Locro-D\u00eda-1-2-150x100.jpg\" class=\"attachment-thumbnail size-thumbnail\" alt=\"\" srcset=\"https:\/\/www.oroverde.com.ar\/web\/wp-content\/uploads\/2017\/08\/Fiesta-del-Locro-D\u00eda-1-2-150x100.jpg 150w, https:\/\/www.oroverde.com.ar\/web\/wp-content\/uploads\/2017\/08\/Fiesta-del-Locro-D\u00eda-1-2-300x200.jpg 300w, https:\/\/www.oroverde.com.ar\/web\/wp-content\/uploads\/2017\/08\/Fiesta-del-Locro-D\u00eda-1-2-1024x683.jpg 1024w, https:\/\/www.oroverde.com.ar\/web\/wp-content\/uploads\/2017\/08\/Fiesta-del-Locro-D\u00eda-1-2-768x513.jpg 768w, https:\/\/www.oroverde.com.ar\/web\/wp-content\/uploads\/2017\/08\/Fiesta-del-Locro-D\u00eda-1-2-1536x1025.jpg 1536w, https:\/\/www.oroverde.com.ar\/web\/wp-content\/uploads\/2017\/08\/Fiesta-del-Locro-D\u00eda-1-2-1226x818.jpg 1226w, https:\/\/www.oroverde.com.ar\/web\/wp-content\/uploads\/2017\/08\/Fiesta-del-Locro-D\u00eda-1-2-850x567.jpg 850w, https:\/\/www.oroverde.com.ar\/web\/wp-content\/uploads\/2017\/08\/Fiesta-del-Locro-D\u00eda-1-2.jpg 1648w\" sizes=\"(max-width: 150px) 100vw, 150px\" \/><\/a>\n\t\t\t<\/div><\/figure><figure class='gallery-item'>\n\t\t\t<div class='gallery-icon landscape'>\n\t\t\t\t<a href='https:\/\/www.oroverde.com.ar\/web\/un-fin-de-semana-de-festejo-en-la-segunda-edicion-de-la-fiesta-regional-del-locro\/fiesta-del-locro-dia-1-4\/'><img loading=\"lazy\" decoding=\"async\" width=\"150\" height=\"100\" src=\"https:\/\/www.oroverde.com.ar\/web\/wp-content\/uploads\/2017\/08\/Fiesta-Del-Locro-D\u00eda-1-4-150x100.jpg\" class=\"attachment-thumbnail size-thumbnail\" alt=\"\" srcset=\"https:\/\/www.oroverde.com.ar\/web\/wp-content\/uploads\/2017\/08\/Fiesta-Del-Locro-D\u00eda-1-4-150x100.jpg 150w, https:\/\/www.oroverde.com.ar\/web\/wp-content\/uploads\/2017\/08\/Fiesta-Del-Locro-D\u00eda-1-4-300x200.jpg 300w, https:\/\/www.oroverde.com.ar\/web\/wp-content\/uploads\/2017\/08\/Fiesta-Del-Locro-D\u00eda-1-4-1024x683.jpg 1024w, https:\/\/www.oroverde.com.ar\/web\/wp-content\/uploads\/2017\/08\/Fiesta-Del-Locro-D\u00eda-1-4-768x513.jpg 768w, https:\/\/www.oroverde.com.ar\/web\/wp-content\/uploads\/2017\/08\/Fiesta-Del-Locro-D\u00eda-1-4-1536x1025.jpg 1536w, https:\/\/www.oroverde.com.ar\/web\/wp-content\/uploads\/2017\/08\/Fiesta-Del-Locro-D\u00eda-1-4-1226x818.jpg 1226w, https:\/\/www.oroverde.com.ar\/web\/wp-content\/uploads\/2017\/08\/Fiesta-Del-Locro-D\u00eda-1-4-850x567.jpg 850w, https:\/\/www.oroverde.com.ar\/web\/wp-content\/uploads\/2017\/08\/Fiesta-Del-Locro-D\u00eda-1-4.jpg 1648w\" sizes=\"(max-width: 150px) 100vw, 150px\" \/><\/a>\n\t\t\t<\/div><\/figure><figure class='gallery-item'>\n\t\t\t<div class='gallery-icon landscape'>\n\t\t\t\t<a href='https:\/\/www.oroverde.com.ar\/web\/un-fin-de-semana-de-festejo-en-la-segunda-edicion-de-la-fiesta-regional-del-locro\/fiesta-del-locro-dia-1-1\/'><img loading=\"lazy\" decoding=\"async\" width=\"150\" height=\"100\" src=\"https:\/\/www.oroverde.com.ar\/web\/wp-content\/uploads\/2017\/08\/Fiesta-del-Locro-D\u00eda-1-1-150x100.jpg\" class=\"attachment-thumbnail size-thumbnail\" alt=\"\" srcset=\"https:\/\/www.oroverde.com.ar\/web\/wp-content\/uploads\/2017\/08\/Fiesta-del-Locro-D\u00eda-1-1-150x100.jpg 150w, https:\/\/www.oroverde.com.ar\/web\/wp-content\/uploads\/2017\/08\/Fiesta-del-Locro-D\u00eda-1-1-300x200.jpg 300w, https:\/\/www.oroverde.com.ar\/web\/wp-content\/uploads\/2017\/08\/Fiesta-del-Locro-D\u00eda-1-1-1024x683.jpg 1024w, https:\/\/www.oroverde.com.ar\/web\/wp-content\/uploads\/2017\/08\/Fiesta-del-Locro-D\u00eda-1-1-768x513.jpg 768w, https:\/\/www.oroverde.com.ar\/web\/wp-content\/uploads\/2017\/08\/Fiesta-del-Locro-D\u00eda-1-1-1536x1025.jpg 1536w, https:\/\/www.oroverde.com.ar\/web\/wp-content\/uploads\/2017\/08\/Fiesta-del-Locro-D\u00eda-1-1-1226x818.jpg 1226w, https:\/\/www.oroverde.com.ar\/web\/wp-content\/uploads\/2017\/08\/Fiesta-del-Locro-D\u00eda-1-1-850x567.jpg 850w, https:\/\/www.oroverde.com.ar\/web\/wp-content\/uploads\/2017\/08\/Fiesta-del-Locro-D\u00eda-1-1.jpg 1648w\" sizes=\"(max-width: 150px) 100vw, 150px\" \/><\/a>\n\t\t\t<\/div><\/figure><figure class='gallery-item'>\n\t\t\t<div class='gallery-icon landscape'>\n\t\t\t\t<a href='https:\/\/www.oroverde.com.ar\/web\/un-fin-de-semana-de-festejo-en-la-segunda-edicion-de-la-fiesta-regional-del-locro\/fiesta-del-locro-dia-2\/'><img loading=\"lazy\" decoding=\"async\" width=\"150\" height=\"100\" src=\"https:\/\/www.oroverde.com.ar\/web\/wp-content\/uploads\/2017\/08\/Fiesta-del-Locro-D\u00eda-2-150x100.jpg\" class=\"attachment-thumbnail size-thumbnail\" alt=\"\" srcset=\"https:\/\/www.oroverde.com.ar\/web\/wp-content\/uploads\/2017\/08\/Fiesta-del-Locro-D\u00eda-2-150x100.jpg 150w, https:\/\/www.oroverde.com.ar\/web\/wp-content\/uploads\/2017\/08\/Fiesta-del-Locro-D\u00eda-2-300x200.jpg 300w, https:\/\/www.oroverde.com.ar\/web\/wp-content\/uploads\/2017\/08\/Fiesta-del-Locro-D\u00eda-2-1024x681.jpg 1024w, https:\/\/www.oroverde.com.ar\/web\/wp-content\/uploads\/2017\/08\/Fiesta-del-Locro-D\u00eda-2-768x511.jpg 768w, https:\/\/www.oroverde.com.ar\/web\/wp-content\/uploads\/2017\/08\/Fiesta-del-Locro-D\u00eda-2-1536x1022.jpg 1536w, https:\/\/www.oroverde.com.ar\/web\/wp-content\/uploads\/2017\/08\/Fiesta-del-Locro-D\u00eda-2-1226x815.jpg 1226w, https:\/\/www.oroverde.com.ar\/web\/wp-content\/uploads\/2017\/08\/Fiesta-del-Locro-D\u00eda-2-850x565.jpg 850w, https:\/\/www.oroverde.com.ar\/web\/wp-content\/uploads\/2017\/08\/Fiesta-del-Locro-D\u00eda-2.jpg 1654w\" sizes=\"(max-width: 150px) 100vw, 150px\" \/><\/a>\n\t\t\t<\/div><\/figure><figure class='gallery-item'>\n\t\t\t<div class='gallery-icon landscape'>\n\t\t\t\t<a href='https:\/\/www.oroverde.com.ar\/web\/un-fin-de-semana-de-festejo-en-la-segunda-edicion-de-la-fiesta-regional-del-locro\/fiesta-del-locro-dia-2-5\/'><img loading=\"lazy\" decoding=\"async\" width=\"150\" height=\"100\" src=\"https:\/\/www.oroverde.com.ar\/web\/wp-content\/uploads\/2017\/08\/Fiesta-del-Locro-D\u00eda-2-5-150x100.jpg\" class=\"attachment-thumbnail size-thumbnail\" alt=\"\" srcset=\"https:\/\/www.oroverde.com.ar\/web\/wp-content\/uploads\/2017\/08\/Fiesta-del-Locro-D\u00eda-2-5-150x100.jpg 150w, https:\/\/www.oroverde.com.ar\/web\/wp-content\/uploads\/2017\/08\/Fiesta-del-Locro-D\u00eda-2-5-300x200.jpg 300w, https:\/\/www.oroverde.com.ar\/web\/wp-content\/uploads\/2017\/08\/Fiesta-del-Locro-D\u00eda-2-5-1024x681.jpg 1024w, https:\/\/www.oroverde.com.ar\/web\/wp-content\/uploads\/2017\/08\/Fiesta-del-Locro-D\u00eda-2-5-768x511.jpg 768w, https:\/\/www.oroverde.com.ar\/web\/wp-content\/uploads\/2017\/08\/Fiesta-del-Locro-D\u00eda-2-5-1536x1022.jpg 1536w, https:\/\/www.oroverde.com.ar\/web\/wp-content\/uploads\/2017\/08\/Fiesta-del-Locro-D\u00eda-2-5-1226x815.jpg 1226w, https:\/\/www.oroverde.com.ar\/web\/wp-content\/uploads\/2017\/08\/Fiesta-del-Locro-D\u00eda-2-5-850x565.jpg 850w, https:\/\/www.oroverde.com.ar\/web\/wp-content\/uploads\/2017\/08\/Fiesta-del-Locro-D\u00eda-2-5.jpg 1654w\" sizes=\"(max-width: 150px) 100vw, 150px\" \/><\/a>\n\t\t\t<\/div><\/figure><figure class='gallery-item'>\n\t\t\t<div class='gallery-icon landscape'>\n\t\t\t\t<a href='https:\/\/www.oroverde.com.ar\/web\/un-fin-de-semana-de-festejo-en-la-segunda-edicion-de-la-fiesta-regional-del-locro\/fiesta-del-locro-dia-2-3\/'><img loading=\"lazy\" decoding=\"async\" width=\"150\" height=\"100\" src=\"https:\/\/www.oroverde.com.ar\/web\/wp-content\/uploads\/2017\/08\/Fiesta-del-Locro-D\u00eda-2-3-150x100.jpg\" class=\"attachment-thumbnail size-thumbnail\" alt=\"\" srcset=\"https:\/\/www.oroverde.com.ar\/web\/wp-content\/uploads\/2017\/08\/Fiesta-del-Locro-D\u00eda-2-3-150x100.jpg 150w, https:\/\/www.oroverde.com.ar\/web\/wp-content\/uploads\/2017\/08\/Fiesta-del-Locro-D\u00eda-2-3-300x200.jpg 300w, https:\/\/www.oroverde.com.ar\/web\/wp-content\/uploads\/2017\/08\/Fiesta-del-Locro-D\u00eda-2-3-1024x683.jpg 1024w, https:\/\/www.oroverde.com.ar\/web\/wp-content\/uploads\/2017\/08\/Fiesta-del-Locro-D\u00eda-2-3-768x513.jpg 768w, https:\/\/www.oroverde.com.ar\/web\/wp-content\/uploads\/2017\/08\/Fiesta-del-Locro-D\u00eda-2-3-1536x1025.jpg 1536w, https:\/\/www.oroverde.com.ar\/web\/wp-content\/uploads\/2017\/08\/Fiesta-del-Locro-D\u00eda-2-3-1226x818.jpg 1226w, https:\/\/www.oroverde.com.ar\/web\/wp-content\/uploads\/2017\/08\/Fiesta-del-Locro-D\u00eda-2-3-850x567.jpg 850w, https:\/\/www.oroverde.com.ar\/web\/wp-content\/uploads\/2017\/08\/Fiesta-del-Locro-D\u00eda-2-3.jpg 1648w\" sizes=\"(max-width: 150px) 100vw, 150px\" \/><\/a>\n\t\t\t<\/div><\/figure><figure class='gallery-item'>\n\t\t\t<div class='gallery-icon landscape'>\n\t\t\t\t<a href='https:\/\/www.oroverde.com.ar\/web\/un-fin-de-semana-de-festejo-en-la-segunda-edicion-de-la-fiesta-regional-del-locro\/fiesta-del-locro-dia-2-6\/'><img loading=\"lazy\" decoding=\"async\" width=\"150\" height=\"100\" src=\"https:\/\/www.oroverde.com.ar\/web\/wp-content\/uploads\/2017\/08\/Fiesta-del-Locro-D\u00eda-2-6-150x100.jpg\" class=\"attachment-thumbnail size-thumbnail\" alt=\"\" srcset=\"https:\/\/www.oroverde.com.ar\/web\/wp-content\/uploads\/2017\/08\/Fiesta-del-Locro-D\u00eda-2-6-150x100.jpg 150w, https:\/\/www.oroverde.com.ar\/web\/wp-content\/uploads\/2017\/08\/Fiesta-del-Locro-D\u00eda-2-6-300x200.jpg 300w, https:\/\/www.oroverde.com.ar\/web\/wp-content\/uploads\/2017\/08\/Fiesta-del-Locro-D\u00eda-2-6-1024x681.jpg 1024w, https:\/\/www.oroverde.com.ar\/web\/wp-content\/uploads\/2017\/08\/Fiesta-del-Locro-D\u00eda-2-6-768x511.jpg 768w, https:\/\/www.oroverde.com.ar\/web\/wp-content\/uploads\/2017\/08\/Fiesta-del-Locro-D\u00eda-2-6-1536x1022.jpg 1536w, https:\/\/www.oroverde.com.ar\/web\/wp-content\/uploads\/2017\/08\/Fiesta-del-Locro-D\u00eda-2-6-1226x815.jpg 1226w, https:\/\/www.oroverde.com.ar\/web\/wp-content\/uploads\/2017\/08\/Fiesta-del-Locro-D\u00eda-2-6-850x565.jpg 850w, https:\/\/www.oroverde.com.ar\/web\/wp-content\/uploads\/2017\/08\/Fiesta-del-Locro-D\u00eda-2-6.jpg 1654w\" sizes=\"(max-width: 150px) 100vw, 150px\" \/><\/a>\n\t\t\t<\/div><\/figure><figure class='gallery-item'>\n\t\t\t<div class='gallery-icon landscape'>\n\t\t\t\t<a href='https:\/\/www.oroverde.com.ar\/web\/un-fin-de-semana-de-festejo-en-la-segunda-edicion-de-la-fiesta-regional-del-locro\/fiesta-del-locro-dia-2-3-2\/'><img loading=\"lazy\" decoding=\"async\" width=\"150\" height=\"100\" src=\"https:\/\/www.oroverde.com.ar\/web\/wp-content\/uploads\/2017\/08\/Fiesta-del-Locro-D\u00eda-2-3-1-150x100.jpg\" class=\"attachment-thumbnail size-thumbnail\" alt=\"\" srcset=\"https:\/\/www.oroverde.com.ar\/web\/wp-content\/uploads\/2017\/08\/Fiesta-del-Locro-D\u00eda-2-3-1-150x100.jpg 150w, https:\/\/www.oroverde.com.ar\/web\/wp-content\/uploads\/2017\/08\/Fiesta-del-Locro-D\u00eda-2-3-1-300x200.jpg 300w, https:\/\/www.oroverde.com.ar\/web\/wp-content\/uploads\/2017\/08\/Fiesta-del-Locro-D\u00eda-2-3-1-1024x683.jpg 1024w, https:\/\/www.oroverde.com.ar\/web\/wp-content\/uploads\/2017\/08\/Fiesta-del-Locro-D\u00eda-2-3-1-768x513.jpg 768w, https:\/\/www.oroverde.com.ar\/web\/wp-content\/uploads\/2017\/08\/Fiesta-del-Locro-D\u00eda-2-3-1-1536x1025.jpg 1536w, https:\/\/www.oroverde.com.ar\/web\/wp-content\/uploads\/2017\/08\/Fiesta-del-Locro-D\u00eda-2-3-1-1226x818.jpg 1226w, https:\/\/www.oroverde.com.ar\/web\/wp-content\/uploads\/2017\/08\/Fiesta-del-Locro-D\u00eda-2-3-1-850x567.jpg 850w, https:\/\/www.oroverde.com.ar\/web\/wp-content\/uploads\/2017\/08\/Fiesta-del-Locro-D\u00eda-2-3-1.jpg 1648w\" sizes=\"(max-width: 150px) 100vw, 150px\" \/><\/a>\n\t\t\t<\/div><\/figure><figure class='gallery-item'>\n\t\t\t<div class='gallery-icon landscape'>\n\t\t\t\t<a href='https:\/\/www.oroverde.com.ar\/web\/un-fin-de-semana-de-festejo-en-la-segunda-edicion-de-la-fiesta-regional-del-locro\/fiesta-del-locro-dia-2-2\/'><img loading=\"lazy\" decoding=\"async\" width=\"150\" height=\"100\" src=\"https:\/\/www.oroverde.com.ar\/web\/wp-content\/uploads\/2017\/08\/Fiesta-del-Locro-D\u00eda-2-2-150x100.jpg\" class=\"attachment-thumbnail size-thumbnail\" alt=\"\" srcset=\"https:\/\/www.oroverde.com.ar\/web\/wp-content\/uploads\/2017\/08\/Fiesta-del-Locro-D\u00eda-2-2-150x100.jpg 150w, https:\/\/www.oroverde.com.ar\/web\/wp-content\/uploads\/2017\/08\/Fiesta-del-Locro-D\u00eda-2-2-300x200.jpg 300w, https:\/\/www.oroverde.com.ar\/web\/wp-content\/uploads\/2017\/08\/Fiesta-del-Locro-D\u00eda-2-2-1024x683.jpg 1024w, https:\/\/www.oroverde.com.ar\/web\/wp-content\/uploads\/2017\/08\/Fiesta-del-Locro-D\u00eda-2-2-768x513.jpg 768w, https:\/\/www.oroverde.com.ar\/web\/wp-content\/uploads\/2017\/08\/Fiesta-del-Locro-D\u00eda-2-2-1536x1025.jpg 1536w, https:\/\/www.oroverde.com.ar\/web\/wp-content\/uploads\/2017\/08\/Fiesta-del-Locro-D\u00eda-2-2-1226x818.jpg 1226w, https:\/\/www.oroverde.com.ar\/web\/wp-content\/uploads\/2017\/08\/Fiesta-del-Locro-D\u00eda-2-2-850x567.jpg 850w, https:\/\/www.oroverde.com.ar\/web\/wp-content\/uploads\/2017\/08\/Fiesta-del-Locro-D\u00eda-2-2.jpg 1648w\" sizes=\"(max-width: 150px) 100vw, 150px\" \/><\/a>\n\t\t\t<\/div><\/figure><figure class='gallery-item'>\n\t\t\t<div class='gallery-icon landscape'>\n\t\t\t\t<a href='https:\/\/www.oroverde.com.ar\/web\/un-fin-de-semana-de-festejo-en-la-segunda-edicion-de-la-fiesta-regional-del-locro\/fiesta-del-locro-dia-2-1\/'><img loading=\"lazy\" decoding=\"async\" width=\"150\" height=\"100\" src=\"https:\/\/www.oroverde.com.ar\/web\/wp-content\/uploads\/2017\/08\/Fiesta-del-Locro-D\u00eda-2-1-150x100.jpg\" class=\"attachment-thumbnail size-thumbnail\" alt=\"\" srcset=\"https:\/\/www.oroverde.com.ar\/web\/wp-content\/uploads\/2017\/08\/Fiesta-del-Locro-D\u00eda-2-1-150x100.jpg 150w, https:\/\/www.oroverde.com.ar\/web\/wp-content\/uploads\/2017\/08\/Fiesta-del-Locro-D\u00eda-2-1-300x200.jpg 300w, https:\/\/www.oroverde.com.ar\/web\/wp-content\/uploads\/2017\/08\/Fiesta-del-Locro-D\u00eda-2-1-1024x683.jpg 1024w, https:\/\/www.oroverde.com.ar\/web\/wp-content\/uploads\/2017\/08\/Fiesta-del-Locro-D\u00eda-2-1-768x513.jpg 768w, https:\/\/www.oroverde.com.ar\/web\/wp-content\/uploads\/2017\/08\/Fiesta-del-Locro-D\u00eda-2-1-1536x1025.jpg 1536w, https:\/\/www.oroverde.com.ar\/web\/wp-content\/uploads\/2017\/08\/Fiesta-del-Locro-D\u00eda-2-1-1226x818.jpg 1226w, https:\/\/www.oroverde.com.ar\/web\/wp-content\/uploads\/2017\/08\/Fiesta-del-Locro-D\u00eda-2-1-850x567.jpg 850w, https:\/\/www.oroverde.com.ar\/web\/wp-content\/uploads\/2017\/08\/Fiesta-del-Locro-D\u00eda-2-1.jpg 1648w\" sizes=\"(max-width: 150px) 100vw, 150px\" \/><\/a>\n\t\t\t<\/div><\/figure><figure class='gallery-item'>\n\t\t\t<div class='gallery-icon landscape'>\n\t\t\t\t<a href='https:\/\/www.oroverde.com.ar\/web\/un-fin-de-semana-de-festejo-en-la-segunda-edicion-de-la-fiesta-regional-del-locro\/fiesta-del-locro-dia-2-4\/'><img loading=\"lazy\" decoding=\"async\" width=\"150\" height=\"100\" src=\"https:\/\/www.oroverde.com.ar\/web\/wp-content\/uploads\/2017\/08\/Fiesta-del-Locro-D\u00eda-2-4-150x100.jpg\" class=\"attachment-thumbnail size-thumbnail\" alt=\"\" srcset=\"https:\/\/www.oroverde.com.ar\/web\/wp-content\/uploads\/2017\/08\/Fiesta-del-Locro-D\u00eda-2-4-150x100.jpg 150w, https:\/\/www.oroverde.com.ar\/web\/wp-content\/uploads\/2017\/08\/Fiesta-del-Locro-D\u00eda-2-4-300x200.jpg 300w, https:\/\/www.oroverde.com.ar\/web\/wp-content\/uploads\/2017\/08\/Fiesta-del-Locro-D\u00eda-2-4-1024x681.jpg 1024w, https:\/\/www.oroverde.com.ar\/web\/wp-content\/uploads\/2017\/08\/Fiesta-del-Locro-D\u00eda-2-4-768x511.jpg 768w, https:\/\/www.oroverde.com.ar\/web\/wp-content\/uploads\/2017\/08\/Fiesta-del-Locro-D\u00eda-2-4-1536x1022.jpg 1536w, https:\/\/www.oroverde.com.ar\/web\/wp-content\/uploads\/2017\/08\/Fiesta-del-Locro-D\u00eda-2-4-1226x815.jpg 1226w, https:\/\/www.oroverde.com.ar\/web\/wp-content\/uploads\/2017\/08\/Fiesta-del-Locro-D\u00eda-2-4-850x565.jpg 850w, https:\/\/www.oroverde.com.ar\/web\/wp-content\/uploads\/2017\/08\/Fiesta-del-Locro-D\u00eda-2-4.jpg 1654w\" sizes=\"(max-width: 150px) 100vw, 150px\" \/><\/a>\n\t\t\t<\/div><\/figure><figure class='gallery-item'>\n\t\t\t<div class='gallery-icon landscape'>\n\t\t\t\t<a href='https:\/\/www.oroverde.com.ar\/web\/un-fin-de-semana-de-festejo-en-la-segunda-edicion-de-la-fiesta-regional-del-locro\/fiesta-del-locro-dia-3-2\/'><img loading=\"lazy\" decoding=\"async\" width=\"150\" height=\"100\" src=\"https:\/\/www.oroverde.com.ar\/web\/wp-content\/uploads\/2017\/08\/Fiesta-del-Locro-D\u00eda-3-2-150x100.jpg\" class=\"attachment-thumbnail size-thumbnail\" alt=\"\" srcset=\"https:\/\/www.oroverde.com.ar\/web\/wp-content\/uploads\/2017\/08\/Fiesta-del-Locro-D\u00eda-3-2-150x100.jpg 150w, https:\/\/www.oroverde.com.ar\/web\/wp-content\/uploads\/2017\/08\/Fiesta-del-Locro-D\u00eda-3-2-300x199.jpg 300w, https:\/\/www.oroverde.com.ar\/web\/wp-content\/uploads\/2017\/08\/Fiesta-del-Locro-D\u00eda-3-2-1024x681.jpg 1024w, https:\/\/www.oroverde.com.ar\/web\/wp-content\/uploads\/2017\/08\/Fiesta-del-Locro-D\u00eda-3-2-768x511.jpg 768w, https:\/\/www.oroverde.com.ar\/web\/wp-content\/uploads\/2017\/08\/Fiesta-del-Locro-D\u00eda-3-2-1536x1021.jpg 1536w, https:\/\/www.oroverde.com.ar\/web\/wp-content\/uploads\/2017\/08\/Fiesta-del-Locro-D\u00eda-3-2-1226x815.jpg 1226w, https:\/\/www.oroverde.com.ar\/web\/wp-content\/uploads\/2017\/08\/Fiesta-del-Locro-D\u00eda-3-2-850x565.jpg 850w, https:\/\/www.oroverde.com.ar\/web\/wp-content\/uploads\/2017\/08\/Fiesta-del-Locro-D\u00eda-3-2.jpg 1769w\" sizes=\"(max-width: 150px) 100vw, 150px\" \/><\/a>\n\t\t\t<\/div><\/figure><figure class='gallery-item'>\n\t\t\t<div class='gallery-icon landscape'>\n\t\t\t\t<a href='https:\/\/www.oroverde.com.ar\/web\/un-fin-de-semana-de-festejo-en-la-segunda-edicion-de-la-fiesta-regional-del-locro\/fiesta-del-locro-dia-3-5-2\/'><img loading=\"lazy\" decoding=\"async\" width=\"150\" height=\"100\" src=\"https:\/\/www.oroverde.com.ar\/web\/wp-content\/uploads\/2017\/08\/Fiesta-del-Locro-Dia-3-5-1-150x100.jpg\" class=\"attachment-thumbnail size-thumbnail\" alt=\"\" srcset=\"https:\/\/www.oroverde.com.ar\/web\/wp-content\/uploads\/2017\/08\/Fiesta-del-Locro-Dia-3-5-1-150x100.jpg 150w, https:\/\/www.oroverde.com.ar\/web\/wp-content\/uploads\/2017\/08\/Fiesta-del-Locro-Dia-3-5-1-300x200.jpg 300w, https:\/\/www.oroverde.com.ar\/web\/wp-content\/uploads\/2017\/08\/Fiesta-del-Locro-Dia-3-5-1-1024x683.jpg 1024w, https:\/\/www.oroverde.com.ar\/web\/wp-content\/uploads\/2017\/08\/Fiesta-del-Locro-Dia-3-5-1-768x512.jpg 768w, https:\/\/www.oroverde.com.ar\/web\/wp-content\/uploads\/2017\/08\/Fiesta-del-Locro-Dia-3-5-1-1536x1025.jpg 1536w, https:\/\/www.oroverde.com.ar\/web\/wp-content\/uploads\/2017\/08\/Fiesta-del-Locro-Dia-3-5-1-1226x818.jpg 1226w, https:\/\/www.oroverde.com.ar\/web\/wp-content\/uploads\/2017\/08\/Fiesta-del-Locro-Dia-3-5-1-850x567.jpg 850w, https:\/\/www.oroverde.com.ar\/web\/wp-content\/uploads\/2017\/08\/Fiesta-del-Locro-Dia-3-5-1.jpg 1649w\" sizes=\"(max-width: 150px) 100vw, 150px\" \/><\/a>\n\t\t\t<\/div><\/figure><figure class='gallery-item'>\n\t\t\t<div class='gallery-icon landscape'>\n\t\t\t\t<a href='https:\/\/www.oroverde.com.ar\/web\/un-fin-de-semana-de-festejo-en-la-segunda-edicion-de-la-fiesta-regional-del-locro\/fiesta-del-locro-dia-3-4\/'><img loading=\"lazy\" decoding=\"async\" width=\"150\" height=\"100\" src=\"https:\/\/www.oroverde.com.ar\/web\/wp-content\/uploads\/2017\/08\/Fiesta-del-Locro-D\u00eda-3-4-150x100.jpg\" class=\"attachment-thumbnail size-thumbnail\" alt=\"\" srcset=\"https:\/\/www.oroverde.com.ar\/web\/wp-content\/uploads\/2017\/08\/Fiesta-del-Locro-D\u00eda-3-4-150x100.jpg 150w, https:\/\/www.oroverde.com.ar\/web\/wp-content\/uploads\/2017\/08\/Fiesta-del-Locro-D\u00eda-3-4-300x200.jpg 300w, https:\/\/www.oroverde.com.ar\/web\/wp-content\/uploads\/2017\/08\/Fiesta-del-Locro-D\u00eda-3-4-1024x681.jpg 1024w, https:\/\/www.oroverde.com.ar\/web\/wp-content\/uploads\/2017\/08\/Fiesta-del-Locro-D\u00eda-3-4-768x511.jpg 768w, https:\/\/www.oroverde.com.ar\/web\/wp-content\/uploads\/2017\/08\/Fiesta-del-Locro-D\u00eda-3-4-1536x1022.jpg 1536w, https:\/\/www.oroverde.com.ar\/web\/wp-content\/uploads\/2017\/08\/Fiesta-del-Locro-D\u00eda-3-4-1226x815.jpg 1226w, https:\/\/www.oroverde.com.ar\/web\/wp-content\/uploads\/2017\/08\/Fiesta-del-Locro-D\u00eda-3-4-850x565.jpg 850w, https:\/\/www.oroverde.com.ar\/web\/wp-content\/uploads\/2017\/08\/Fiesta-del-Locro-D\u00eda-3-4.jpg 1654w\" sizes=\"(max-width: 150px) 100vw, 150px\" \/><\/a>\n\t\t\t<\/div><\/figure><figure class='gallery-item'>\n\t\t\t<div class='gallery-icon landscape'>\n\t\t\t\t<a href='https:\/\/www.oroverde.com.ar\/web\/un-fin-de-semana-de-festejo-en-la-segunda-edicion-de-la-fiesta-regional-del-locro\/fiesta-del-locro-dia-3-3\/'><img loading=\"lazy\" decoding=\"async\" width=\"150\" height=\"100\" src=\"https:\/\/www.oroverde.com.ar\/web\/wp-content\/uploads\/2017\/08\/Fiesta-del-Locro-D\u00eda-3-3-150x100.jpg\" class=\"attachment-thumbnail size-thumbnail\" alt=\"\" srcset=\"https:\/\/www.oroverde.com.ar\/web\/wp-content\/uploads\/2017\/08\/Fiesta-del-Locro-D\u00eda-3-3-150x100.jpg 150w, https:\/\/www.oroverde.com.ar\/web\/wp-content\/uploads\/2017\/08\/Fiesta-del-Locro-D\u00eda-3-3-300x200.jpg 300w, https:\/\/www.oroverde.com.ar\/web\/wp-content\/uploads\/2017\/08\/Fiesta-del-Locro-D\u00eda-3-3-1024x683.jpg 1024w, https:\/\/www.oroverde.com.ar\/web\/wp-content\/uploads\/2017\/08\/Fiesta-del-Locro-D\u00eda-3-3-768x512.jpg 768w, https:\/\/www.oroverde.com.ar\/web\/wp-content\/uploads\/2017\/08\/Fiesta-del-Locro-D\u00eda-3-3-1536x1025.jpg 1536w, https:\/\/www.oroverde.com.ar\/web\/wp-content\/uploads\/2017\/08\/Fiesta-del-Locro-D\u00eda-3-3-1226x818.jpg 1226w, https:\/\/www.oroverde.com.ar\/web\/wp-content\/uploads\/2017\/08\/Fiesta-del-Locro-D\u00eda-3-3-850x567.jpg 850w, https:\/\/www.oroverde.com.ar\/web\/wp-content\/uploads\/2017\/08\/Fiesta-del-Locro-D\u00eda-3-3.jpg 1649w\" sizes=\"(max-width: 150px) 100vw, 150px\" \/><\/a>\n\t\t\t<\/div><\/figure>\n\t\t<\/div>\n\n<p style=\"text-align: justify;\">La cartelera art\u00edstica se abri\u00f3 esa noche con el Ensamble de De Costa a Costa que puso en movimiento a los primeros bailarines. Jorge M\u00e9ndez fue acompa\u00f1ado por estos m\u00fasicos y ofreci\u00f3 un espect\u00e1culo ligado a su relaci\u00f3n con la comunidad a la que compuso \u201cLa vida en Oro y en Verde\u201d. Monchito Merlo subi\u00f3 al escenario de la 2da. Fiesta del Locro para finalizar la noche y poner a bailar a toda la carpa al ritmo del chamam\u00e9.<\/p>\n<p style=\"text-align: justify;\">El domingo fue el d\u00eda del gran almuerzo de locro, al que asisti\u00f3 un gran n\u00famero de p\u00fablico que pudo disfrutar de la m\u00fasica del Grupo Sol y Los Majestuosos del Chamam\u00e9. Tambi\u00e9n hubo una muestra con donde las instituciones m\u00e1s representativas de la localidad donde presentaron el trabajo que realizan cotidianamente.<\/p>\n<p style=\"text-align: justify;\">La palabra de los organizadores<\/p>\n<p style=\"text-align: justify;\">Desde el Municipio afirmaron \u201cestamos muy conformes, la fiesta fue un espacio en el que la comunidad de Oro Verde pudo encontrarse y que sirvi\u00f3 para trabajar colectivamente con las instituciones que d\u00eda a d\u00eda desde su lugar, tienen el mismo objetivo que nosotros: hacer de nuestra ciudad un lugar mejor, donde haya oportunidades para todos\u201d.<\/p>\n<p>Fuente: Municipio de Oro Verde<\/p>\n","protected":false},"excerpt":{"rendered":"<p>La 2da. Fiesta Regional del Locro fue un gran \u00e9xito. El p\u00fablico respondi\u00f3 a la propuesta colmando la carpa instalada en las inmediaciones del Polideportivo Municipal. Durante tres d\u00edas el&#8230;<\/p>\n","protected":false},"author":2,"featured_media":0,"comment_status":"open","ping_status":"closed","sticky":false,"template":"","format":"standard","meta":{"_eb_attr":"","footnotes":""},"categories":[5],"tags":[],"class_list":["post-1890","post","type-post","status-publish","format-standard","hentry","category-noticias-municipales","wpcat-5-id"],"_links":{"self":[{"href":"https:\/\/www.oroverde.com.ar\/web\/wp-json\/wp\/v2\/posts\/1890","targetHints":{"allow":["GET"]}}],"collection":[{"href":"https:\/\/www.oroverde.com.ar\/web\/wp-json\/wp\/v2\/posts"}],"about":[{"href":"https:\/\/www.oroverde.com.ar\/web\/wp-json\/wp\/v2\/types\/post"}],"author":[{"embeddable":true,"href":"https:\/\/www.oroverde.com.ar\/web\/wp-json\/wp\/v2\/users\/2"}],"replies":[{"embeddable":true,"href":"https:\/\/www.oroverde.com.ar\/web\/wp-json\/wp\/v2\/comments?post=1890"}],"version-history":[{"count":1,"href":"https:\/\/www.oroverde.com.ar\/web\/wp-json\/wp\/v2\/posts\/1890\/revisions"}],"predecessor-version":[{"id":1908,"href":"https:\/\/www.oroverde.com.ar\/web\/wp-json\/wp\/v2\/posts\/1890\/revisions\/1908"}],"wp:attachment":[{"href":"https:\/\/www.oroverde.com.ar\/web\/wp-json\/wp\/v2\/media?parent=1890"}],"wp:term":[{"taxonomy":"category","embeddable":true,"href":"https:\/\/www.oroverde.com.ar\/web\/wp-json\/wp\/v2\/categories?post=1890"},{"taxonomy":"post_tag","embeddable":true,"href":"https:\/\/www.oroverde.com.ar\/web\/wp-json\/wp\/v2\/tags?post=1890"}],"curies":[{"name":"wp","href":"https:\/\/api.w.org\/{rel}","templated":true}]}}