{"id":1909,"date":"2017-08-01T09:44:04","date_gmt":"2017-08-01T12:44:04","guid":{"rendered":"http:\/\/www.oroverde.com.ar\/web\/?p=1909"},"modified":"2017-08-01T09:55:27","modified_gmt":"2017-08-01T12:55:27","slug":"importante-acto-por-los-30-anos-del-municipio-de-oro-verde","status":"publish","type":"post","link":"https:\/\/www.oroverde.com.ar\/web\/importante-acto-por-los-30-anos-del-municipio-de-oro-verde\/","title":{"rendered":"Importante acto por los 30 a\u00f1os del Municipio de Oro Verde"},"content":{"rendered":"<p style=\"text-align: justify;\"><a href=\"http:\/\/www.oroverde.com.ar\/web\/wp-content\/uploads\/2017\/08\/Acto-30-a\u00f1os-3-2.jpg\"><img fetchpriority=\"high\" decoding=\"async\" class=\"size-medium wp-image-1910 alignleft\" src=\"http:\/\/www.oroverde.com.ar\/web\/wp-content\/uploads\/2017\/08\/Acto-30-a\u00f1os-3-2-300x200.jpg\" alt=\"\" width=\"300\" height=\"200\" srcset=\"https:\/\/www.oroverde.com.ar\/web\/wp-content\/uploads\/2017\/08\/Acto-30-a\u00f1os-3-2-300x200.jpg 300w, https:\/\/www.oroverde.com.ar\/web\/wp-content\/uploads\/2017\/08\/Acto-30-a\u00f1os-3-2-1024x683.jpg 1024w, https:\/\/www.oroverde.com.ar\/web\/wp-content\/uploads\/2017\/08\/Acto-30-a\u00f1os-3-2-150x100.jpg 150w, https:\/\/www.oroverde.com.ar\/web\/wp-content\/uploads\/2017\/08\/Acto-30-a\u00f1os-3-2-768x513.jpg 768w, https:\/\/www.oroverde.com.ar\/web\/wp-content\/uploads\/2017\/08\/Acto-30-a\u00f1os-3-2-1536x1025.jpg 1536w, https:\/\/www.oroverde.com.ar\/web\/wp-content\/uploads\/2017\/08\/Acto-30-a\u00f1os-3-2-1226x818.jpg 1226w, https:\/\/www.oroverde.com.ar\/web\/wp-content\/uploads\/2017\/08\/Acto-30-a\u00f1os-3-2-850x567.jpg 850w, https:\/\/www.oroverde.com.ar\/web\/wp-content\/uploads\/2017\/08\/Acto-30-a\u00f1os-3-2.jpg 1648w\" sizes=\"(max-width: 300px) 100vw, 300px\" \/><\/a>En un d\u00eda soleado y con un importante marco de p\u00fablico, se realiz\u00f3 el s\u00e1bado 22 de Julio el Acto Oficial por los 30 a\u00f1os del Municipio de Oro Verde. El intendente Jos\u00e9 Luis Dum\u00e9 estuvo acompa\u00f1ado por el vicegobernador, Ad\u00e1n Bahl, su viceintendente, Oscar Toledo y los concejales, Romina Erm\u00e1cora Lell; Jorge Basso; Ernesto Ram\u00f3n Roth; Norma Cancio; Yanina Punt\u00edn; Gast\u00f3n Schvindt y Claudia Wolf.<\/p>\n<p style=\"text-align: justify;\"><!--more-->Durante el acto, al que asistieron representantes de las instituciones locales, empleados municipales, e Intendentes y presidentes de Juntas de Gobierno cercanas, se descubrieron placas alusivas y se entregaron recordatorios a ex concejales, funcionarios y autoridades municipales como reconocimiento a su labor.<\/p>\n<p style=\"text-align: justify;\"><a href=\"http:\/\/www.oroverde.com.ar\/web\/wp-content\/uploads\/2017\/08\/Acto-30-a\u00f1os-3.jpg\"><img decoding=\"async\" class=\"size-medium wp-image-1911 alignleft\" src=\"http:\/\/www.oroverde.com.ar\/web\/wp-content\/uploads\/2017\/08\/Acto-30-a\u00f1os-3-300x200.jpg\" alt=\"\" width=\"300\" height=\"200\" srcset=\"https:\/\/www.oroverde.com.ar\/web\/wp-content\/uploads\/2017\/08\/Acto-30-a\u00f1os-3-300x200.jpg 300w, https:\/\/www.oroverde.com.ar\/web\/wp-content\/uploads\/2017\/08\/Acto-30-a\u00f1os-3-1024x683.jpg 1024w, https:\/\/www.oroverde.com.ar\/web\/wp-content\/uploads\/2017\/08\/Acto-30-a\u00f1os-3-150x100.jpg 150w, https:\/\/www.oroverde.com.ar\/web\/wp-content\/uploads\/2017\/08\/Acto-30-a\u00f1os-3-768x513.jpg 768w, https:\/\/www.oroverde.com.ar\/web\/wp-content\/uploads\/2017\/08\/Acto-30-a\u00f1os-3-1536x1025.jpg 1536w, https:\/\/www.oroverde.com.ar\/web\/wp-content\/uploads\/2017\/08\/Acto-30-a\u00f1os-3-1226x818.jpg 1226w, https:\/\/www.oroverde.com.ar\/web\/wp-content\/uploads\/2017\/08\/Acto-30-a\u00f1os-3-850x567.jpg 850w, https:\/\/www.oroverde.com.ar\/web\/wp-content\/uploads\/2017\/08\/Acto-30-a\u00f1os-3.jpg 1648w\" sizes=\"(max-width: 300px) 100vw, 300px\" \/><\/a>El intendente Jos\u00e9 Luis Dum\u00e9 brind\u00f3 unas palabras alusivas que intentaron reflejar y reflexionar sobre el crecimiento sostenido de la localidad, el compromiso de sus ciudadanos y dirigentes, y la visi\u00f3n de futuro: \u201cOro Verde est\u00e1 preparada para aportar a la provincia y al pa\u00eds\u201d.<\/p>\n<p>&nbsp;<\/p>\n<p>&nbsp;<\/p>\n<p style=\"text-align: justify;\"><a href=\"http:\/\/www.oroverde.com.ar\/web\/wp-content\/uploads\/2017\/08\/Acto-30-a\u00f1os-2.jpg\"><img decoding=\"async\" class=\"size-medium wp-image-1912 alignleft\" src=\"http:\/\/www.oroverde.com.ar\/web\/wp-content\/uploads\/2017\/08\/Acto-30-a\u00f1os-2-300x200.jpg\" alt=\"\" width=\"300\" height=\"200\" srcset=\"https:\/\/www.oroverde.com.ar\/web\/wp-content\/uploads\/2017\/08\/Acto-30-a\u00f1os-2-300x200.jpg 300w, https:\/\/www.oroverde.com.ar\/web\/wp-content\/uploads\/2017\/08\/Acto-30-a\u00f1os-2-1024x683.jpg 1024w, https:\/\/www.oroverde.com.ar\/web\/wp-content\/uploads\/2017\/08\/Acto-30-a\u00f1os-2-150x100.jpg 150w, https:\/\/www.oroverde.com.ar\/web\/wp-content\/uploads\/2017\/08\/Acto-30-a\u00f1os-2-768x513.jpg 768w, https:\/\/www.oroverde.com.ar\/web\/wp-content\/uploads\/2017\/08\/Acto-30-a\u00f1os-2-1536x1025.jpg 1536w, https:\/\/www.oroverde.com.ar\/web\/wp-content\/uploads\/2017\/08\/Acto-30-a\u00f1os-2-1226x818.jpg 1226w, https:\/\/www.oroverde.com.ar\/web\/wp-content\/uploads\/2017\/08\/Acto-30-a\u00f1os-2-850x567.jpg 850w, https:\/\/www.oroverde.com.ar\/web\/wp-content\/uploads\/2017\/08\/Acto-30-a\u00f1os-2.jpg 1648w\" sizes=\"(max-width: 300px) 100vw, 300px\" \/><\/a><\/p>\n<p style=\"text-align: justify;\">Dum\u00e9 destac\u00f3 algunos n\u00fameros de la localidad, \u201cpodemos mostrar orgullosos en este corto camino como ciudad, logros important\u00edsimos. Los datos estad\u00edsticos nos se\u00f1alan muy por encima de la media nacional respecto de \u00edndices en servicios b\u00e1sicos esenciales. Tenemos 100 por ciento de la planta urbana con servicio de agua potable y sistema cloacal, m\u00e1s del 70 por ciento de la poblaci\u00f3n con gas natural, registros que se traducen en salud y calidad de vida. Tambi\u00e9n podr\u00edamos marcar estas mismas tendencias en \u00edndices como Hogares con NBI, Porcentaje de analfabetismo, poblaci\u00f3n con estudios superiores, con cobertura social, desocupaci\u00f3n y otros, donde notoriamente nos diferenciamos de la media provincial y nacional\u201d.<\/p>\n<p style=\"text-align: justify;\">\u201cPoseemos un Municipio fuerte, sin desequilibrios financieros ni econ\u00f3micos, que planifica, programa y ejecuta de acuerdo a su presupuesto\u201d<\/p>\n<p style=\"text-align: justify;\"><a href=\"http:\/\/www.oroverde.com.ar\/web\/wp-content\/uploads\/2017\/08\/Acto-30-a\u00f1os-1.jpg\"><img loading=\"lazy\" decoding=\"async\" class=\"size-medium wp-image-1913 alignleft\" src=\"http:\/\/www.oroverde.com.ar\/web\/wp-content\/uploads\/2017\/08\/Acto-30-a\u00f1os-1-300x200.jpg\" alt=\"\" width=\"300\" height=\"200\" srcset=\"https:\/\/www.oroverde.com.ar\/web\/wp-content\/uploads\/2017\/08\/Acto-30-a\u00f1os-1-300x200.jpg 300w, https:\/\/www.oroverde.com.ar\/web\/wp-content\/uploads\/2017\/08\/Acto-30-a\u00f1os-1-1024x683.jpg 1024w, https:\/\/www.oroverde.com.ar\/web\/wp-content\/uploads\/2017\/08\/Acto-30-a\u00f1os-1-150x100.jpg 150w, https:\/\/www.oroverde.com.ar\/web\/wp-content\/uploads\/2017\/08\/Acto-30-a\u00f1os-1-768x513.jpg 768w, https:\/\/www.oroverde.com.ar\/web\/wp-content\/uploads\/2017\/08\/Acto-30-a\u00f1os-1-1536x1025.jpg 1536w, https:\/\/www.oroverde.com.ar\/web\/wp-content\/uploads\/2017\/08\/Acto-30-a\u00f1os-1-1226x818.jpg 1226w, https:\/\/www.oroverde.com.ar\/web\/wp-content\/uploads\/2017\/08\/Acto-30-a\u00f1os-1-850x567.jpg 850w, https:\/\/www.oroverde.com.ar\/web\/wp-content\/uploads\/2017\/08\/Acto-30-a\u00f1os-1.jpg 1648w\" sizes=\"(max-width: 300px) 100vw, 300px\" \/><\/a>Para finalizar afirm\u00f3, \u201csomos conscientes del potencial que tenemos como nobel ciudad, Oro Verde puede mostrar orgullosa instituciones estatales de enorme capacidad y prestigio en la generaci\u00f3n de tecnolog\u00edas y tambi\u00e9n en la aplicaci\u00f3n de las mismas. Organizaciones de la sociedad civil fuertes y consolidadas. Una poblaci\u00f3n con un alto nivel de formaci\u00f3n, compromiso y participaci\u00f3n. Estos componentes trabajando en forma articulada y sostenida, deben conducirnos a una comunidad pionera en innovaci\u00f3n y desarrollo sustentable, con igualdad de oportunidades para quienes la habitan\u201d, expres\u00f3.<\/p>\n<p style=\"text-align: justify;\">Por su parte, el vicegobernador, Ad\u00e1n Bahl, afirm\u00f3 en su discurso, \u201cpara que Oro Verde sea lo que es, un pueblo lindo, cuidado, innovador, con un gran potencial, hace falta que su gente lo quiera, que sienta orgullo por el lugar donde vive y eso se nota con s\u00f3lo recorrer las calles y charlar un rato con la gente\u201d, sostuvo y agreg\u00f3: \u201cen esto tienen sin dudas un gran m\u00e9rito las mujeres y los hombres que han trabajado para la ciudad, que han hecho un buen trabajo desde el municipio y que hoy fueron reconocidos\u201d.<\/p>\n<p style=\"text-align: justify;\">Al finalizar el acto oficial, recorrieron la muestra de instituciones y las instalaciones dispuestas para la 2da. Fiesta Regional del Locro.<\/p>\n<p style=\"text-align: justify;\">El discurso completo del presidente municipal puede encontrarse en: www.oroverde.gob.ar<\/p>\n<p>Fuente: Municipio de Oro Verde<\/p>\n","protected":false},"excerpt":{"rendered":"<p>En un d\u00eda soleado y con un importante marco de p\u00fablico, se realiz\u00f3 el s\u00e1bado 22 de Julio el Acto Oficial por los 30 a\u00f1os del Municipio de Oro Verde&#8230;.<\/p>\n","protected":false},"author":2,"featured_media":0,"comment_status":"open","ping_status":"closed","sticky":false,"template":"","format":"standard","meta":{"_eb_attr":"","footnotes":""},"categories":[5],"tags":[],"class_list":["post-1909","post","type-post","status-publish","format-standard","hentry","category-noticias-municipales","wpcat-5-id"],"_links":{"self":[{"href":"https:\/\/www.oroverde.com.ar\/web\/wp-json\/wp\/v2\/posts\/1909","targetHints":{"allow":["GET"]}}],"collection":[{"href":"https:\/\/www.oroverde.com.ar\/web\/wp-json\/wp\/v2\/posts"}],"about":[{"href":"https:\/\/www.oroverde.com.ar\/web\/wp-json\/wp\/v2\/types\/post"}],"author":[{"embeddable":true,"href":"https:\/\/www.oroverde.com.ar\/web\/wp-json\/wp\/v2\/users\/2"}],"replies":[{"embeddable":true,"href":"https:\/\/www.oroverde.com.ar\/web\/wp-json\/wp\/v2\/comments?post=1909"}],"version-history":[{"count":1,"href":"https:\/\/www.oroverde.com.ar\/web\/wp-json\/wp\/v2\/posts\/1909\/revisions"}],"predecessor-version":[{"id":1914,"href":"https:\/\/www.oroverde.com.ar\/web\/wp-json\/wp\/v2\/posts\/1909\/revisions\/1914"}],"wp:attachment":[{"href":"https:\/\/www.oroverde.com.ar\/web\/wp-json\/wp\/v2\/media?parent=1909"}],"wp:term":[{"taxonomy":"category","embeddable":true,"href":"https:\/\/www.oroverde.com.ar\/web\/wp-json\/wp\/v2\/categories?post=1909"},{"taxonomy":"post_tag","embeddable":true,"href":"https:\/\/www.oroverde.com.ar\/web\/wp-json\/wp\/v2\/tags?post=1909"}],"curies":[{"name":"wp","href":"https:\/\/api.w.org\/{rel}","templated":true}]}}