{"id":1933,"date":"2017-08-05T13:25:09","date_gmt":"2017-08-05T16:25:09","guid":{"rendered":"http:\/\/www.oroverde.com.ar\/web\/?p=1933"},"modified":"2017-08-05T13:25:18","modified_gmt":"2017-08-05T16:25:18","slug":"paseo-de-los-trenes-obras-para-incorporar-una-nueva-concesion","status":"publish","type":"post","link":"https:\/\/www.oroverde.com.ar\/web\/paseo-de-los-trenes-obras-para-incorporar-una-nueva-concesion\/","title":{"rendered":"Paseo de los trenes. Obras para incorporar una nueva concesi\u00f3n."},"content":{"rendered":"<p><a href=\"http:\/\/www.oroverde.com.ar\/web\/wp-content\/uploads\/2017\/08\/Paseo-de-Los-Trenes-3-Large.jpg\"><img fetchpriority=\"high\" decoding=\"async\" class=\"aligncenter size-full wp-image-1927\" src=\"http:\/\/www.oroverde.com.ar\/web\/wp-content\/uploads\/2017\/08\/Paseo-de-Los-Trenes-3-Large.jpg\" alt=\"\" width=\"1620\" height=\"1080\" srcset=\"https:\/\/www.oroverde.com.ar\/web\/wp-content\/uploads\/2017\/08\/Paseo-de-Los-Trenes-3-Large.jpg 1620w, https:\/\/www.oroverde.com.ar\/web\/wp-content\/uploads\/2017\/08\/Paseo-de-Los-Trenes-3-Large-300x200.jpg 300w, https:\/\/www.oroverde.com.ar\/web\/wp-content\/uploads\/2017\/08\/Paseo-de-Los-Trenes-3-Large-1024x683.jpg 1024w, https:\/\/www.oroverde.com.ar\/web\/wp-content\/uploads\/2017\/08\/Paseo-de-Los-Trenes-3-Large-150x100.jpg 150w, https:\/\/www.oroverde.com.ar\/web\/wp-content\/uploads\/2017\/08\/Paseo-de-Los-Trenes-3-Large-768x512.jpg 768w, https:\/\/www.oroverde.com.ar\/web\/wp-content\/uploads\/2017\/08\/Paseo-de-Los-Trenes-3-Large-1536x1024.jpg 1536w, https:\/\/www.oroverde.com.ar\/web\/wp-content\/uploads\/2017\/08\/Paseo-de-Los-Trenes-3-Large-1226x817.jpg 1226w, https:\/\/www.oroverde.com.ar\/web\/wp-content\/uploads\/2017\/08\/Paseo-de-Los-Trenes-3-Large-850x567.jpg 850w\" sizes=\"(max-width: 1620px) 100vw, 1620px\" \/><\/a>Contin\u00faa la edificaci\u00f3n de un cuerpo de ba\u00f1os p\u00fablicos y una nueva concesi\u00f3n en el Complejo Gastron\u00f3mico \u201cPaseo de los Trenes\u201d. Para esto, se acondicionar\u00e1n los vagones ubicados frente a calle Los Tordos.<\/p>\n<p><!--more--><\/p>\n<p style=\"text-align: justify;\">Cuando se realiz\u00f3 la puesta en valor y construcci\u00f3n del Complejo Gastron\u00f3mico \u201cPaseo de los Trenes\u201d, se pens\u00f3 en varias etapas. La primera de ellas se inaugur\u00f3 en noviembre de 2014 con la concesi\u00f3n actual, y la segunda comenz\u00f3 hace poco m\u00e1s de un mes con la modificaci\u00f3n de los vagones del frente y la construcci\u00f3n de un cuerpo de ba\u00f1os p\u00fablicos del que ya pueden observarse las paredes. Tambi\u00e9n se llevar\u00e1n adelante tareas de mantenimiento en la fuente central y pintura en los diferentes espacios.<\/p>\n<p style=\"text-align: justify;\">Con la obra, se incorporar\u00e1 al Complejo una nueva concesi\u00f3n gastron\u00f3mica que complemente y ampl\u00ede la oferta actual.<\/p>\n<p><a href=\"http:\/\/www.oroverde.com.ar\/web\/wp-content\/uploads\/2017\/08\/Paseo-de-Los-Trenes-1-Large.jpg\"><img decoding=\"async\" class=\"aligncenter size-full wp-image-1926\" src=\"http:\/\/www.oroverde.com.ar\/web\/wp-content\/uploads\/2017\/08\/Paseo-de-Los-Trenes-1-Large.jpg\" alt=\"\" width=\"1620\" height=\"1080\" srcset=\"https:\/\/www.oroverde.com.ar\/web\/wp-content\/uploads\/2017\/08\/Paseo-de-Los-Trenes-1-Large.jpg 1620w, https:\/\/www.oroverde.com.ar\/web\/wp-content\/uploads\/2017\/08\/Paseo-de-Los-Trenes-1-Large-300x200.jpg 300w, https:\/\/www.oroverde.com.ar\/web\/wp-content\/uploads\/2017\/08\/Paseo-de-Los-Trenes-1-Large-1024x683.jpg 1024w, https:\/\/www.oroverde.com.ar\/web\/wp-content\/uploads\/2017\/08\/Paseo-de-Los-Trenes-1-Large-150x100.jpg 150w, https:\/\/www.oroverde.com.ar\/web\/wp-content\/uploads\/2017\/08\/Paseo-de-Los-Trenes-1-Large-768x512.jpg 768w, https:\/\/www.oroverde.com.ar\/web\/wp-content\/uploads\/2017\/08\/Paseo-de-Los-Trenes-1-Large-1536x1024.jpg 1536w, https:\/\/www.oroverde.com.ar\/web\/wp-content\/uploads\/2017\/08\/Paseo-de-Los-Trenes-1-Large-1226x817.jpg 1226w, https:\/\/www.oroverde.com.ar\/web\/wp-content\/uploads\/2017\/08\/Paseo-de-Los-Trenes-1-Large-850x567.jpg 850w\" sizes=\"(max-width: 1620px) 100vw, 1620px\" \/><\/a><\/p>\n","protected":false},"excerpt":{"rendered":"<p>Contin\u00faa la edificaci\u00f3n de un cuerpo de ba\u00f1os p\u00fablicos y una nueva concesi\u00f3n en el Complejo Gastron\u00f3mico \u201cPaseo de los Trenes\u201d. Para esto, se acondicionar\u00e1n los vagones ubicados frente a&#8230;<\/p>\n","protected":false},"author":1,"featured_media":0,"comment_status":"open","ping_status":"closed","sticky":false,"template":"","format":"standard","meta":{"_eb_attr":"","footnotes":""},"categories":[5],"tags":[],"class_list":["post-1933","post","type-post","status-publish","format-standard","hentry","category-noticias-municipales","wpcat-5-id"],"_links":{"self":[{"href":"https:\/\/www.oroverde.com.ar\/web\/wp-json\/wp\/v2\/posts\/1933","targetHints":{"allow":["GET"]}}],"collection":[{"href":"https:\/\/www.oroverde.com.ar\/web\/wp-json\/wp\/v2\/posts"}],"about":[{"href":"https:\/\/www.oroverde.com.ar\/web\/wp-json\/wp\/v2\/types\/post"}],"author":[{"embeddable":true,"href":"https:\/\/www.oroverde.com.ar\/web\/wp-json\/wp\/v2\/users\/1"}],"replies":[{"embeddable":true,"href":"https:\/\/www.oroverde.com.ar\/web\/wp-json\/wp\/v2\/comments?post=1933"}],"version-history":[{"count":1,"href":"https:\/\/www.oroverde.com.ar\/web\/wp-json\/wp\/v2\/posts\/1933\/revisions"}],"predecessor-version":[{"id":1934,"href":"https:\/\/www.oroverde.com.ar\/web\/wp-json\/wp\/v2\/posts\/1933\/revisions\/1934"}],"wp:attachment":[{"href":"https:\/\/www.oroverde.com.ar\/web\/wp-json\/wp\/v2\/media?parent=1933"}],"wp:term":[{"taxonomy":"category","embeddable":true,"href":"https:\/\/www.oroverde.com.ar\/web\/wp-json\/wp\/v2\/categories?post=1933"},{"taxonomy":"post_tag","embeddable":true,"href":"https:\/\/www.oroverde.com.ar\/web\/wp-json\/wp\/v2\/tags?post=1933"}],"curies":[{"name":"wp","href":"https:\/\/api.w.org\/{rel}","templated":true}]}}