{"id":1935,"date":"2017-08-05T14:20:12","date_gmt":"2017-08-05T17:20:12","guid":{"rendered":"http:\/\/www.oroverde.com.ar\/web\/?p=1935"},"modified":"2017-08-05T14:20:21","modified_gmt":"2017-08-05T17:20:21","slug":"balance-de-la-ii-fiesta-del-locro-audio","status":"publish","type":"post","link":"https:\/\/www.oroverde.com.ar\/web\/balance-de-la-ii-fiesta-del-locro-audio\/","title":{"rendered":"Balance de la II Fiesta del Locro (audio)"},"content":{"rendered":"<p align=\"justify\">\u00a0<a href=\"http:\/\/www.oroverde.com.ar\/web\/wp-content\/uploads\/2017\/08\/Reuni\u00f3n-pos-Fiesta-del-Locro-1.jpg\"><img fetchpriority=\"high\" decoding=\"async\" class=\"aligncenter size-full wp-image-1938\" src=\"http:\/\/www.oroverde.com.ar\/web\/wp-content\/uploads\/2017\/08\/Reuni\u00f3n-pos-Fiesta-del-Locro-1.jpg\" alt=\"\" width=\"2000\" height=\"872\" srcset=\"https:\/\/www.oroverde.com.ar\/web\/wp-content\/uploads\/2017\/08\/Reuni\u00f3n-pos-Fiesta-del-Locro-1.jpg 2000w, https:\/\/www.oroverde.com.ar\/web\/wp-content\/uploads\/2017\/08\/Reuni\u00f3n-pos-Fiesta-del-Locro-1-300x131.jpg 300w, https:\/\/www.oroverde.com.ar\/web\/wp-content\/uploads\/2017\/08\/Reuni\u00f3n-pos-Fiesta-del-Locro-1-1024x446.jpg 1024w, https:\/\/www.oroverde.com.ar\/web\/wp-content\/uploads\/2017\/08\/Reuni\u00f3n-pos-Fiesta-del-Locro-1-150x65.jpg 150w, https:\/\/www.oroverde.com.ar\/web\/wp-content\/uploads\/2017\/08\/Reuni\u00f3n-pos-Fiesta-del-Locro-1-768x335.jpg 768w, https:\/\/www.oroverde.com.ar\/web\/wp-content\/uploads\/2017\/08\/Reuni\u00f3n-pos-Fiesta-del-Locro-1-1536x670.jpg 1536w, https:\/\/www.oroverde.com.ar\/web\/wp-content\/uploads\/2017\/08\/Reuni\u00f3n-pos-Fiesta-del-Locro-1-1226x535.jpg 1226w, https:\/\/www.oroverde.com.ar\/web\/wp-content\/uploads\/2017\/08\/Reuni\u00f3n-pos-Fiesta-del-Locro-1-850x371.jpg 850w\" sizes=\"(max-width: 2000px) 100vw, 2000px\" \/><\/a>El Municipio convoc\u00f3 el pasado mi\u00e9rcoles\u00a0 por la noche a las instituciones y organizaciones que participaron de la Fiesta del Locro para realizar un balance, no s\u00f3lo econ\u00f3mico, sino de la organizaci\u00f3n y el evento. Coincidieron en una visi\u00f3n positiva de esta segunda fiesta y la necesidad de seguir trabajando para mejorar este evento que reuni\u00f3 a m\u00e1s de 4 mil personas en tres d\u00edas.<\/p>\n<!--[if lt IE 9]><script>document.createElement('audio');<\/script><![endif]-->\n<audio class=\"wp-audio-shortcode\" id=\"audio-1935-1\" preload=\"none\" style=\"width: 100%;\" controls=\"controls\"><source type=\"audio\/mpeg\" src=\"http:\/\/www.oroverde.com.ar\/web\/wp-content\/uploads\/2017\/08\/BalanceFiestaLocroIntendente2017.mp3?_=1\" \/><a href=\"http:\/\/www.oroverde.com.ar\/web\/wp-content\/uploads\/2017\/08\/BalanceFiestaLocroIntendente2017.mp3\">http:\/\/www.oroverde.com.ar\/web\/wp-content\/uploads\/2017\/08\/BalanceFiestaLocroIntendente2017.mp3<\/a><\/audio>\n<p align=\"justify\"><!--more--><\/p>\n<p align=\"justify\">El encuentro, realizado en el Sal\u00f3n Auditorio Municipal, junt\u00f3 a los actores que participaron de la 2da. Fiesta Regional del Locro para realizar un balance econ\u00f3mico de las ganancias de cada instituci\u00f3n, lo invertido por Municipio, y evaluar el evento de manera general. Estuvieron presentes, el intendente Jos\u00e9 Luis Dum\u00e9, el viceintendente Oscar Toledo, el responsable de Cultura, Guido Marengo, y la titular del \u00e1rea Joven, Marianela Komar.<\/p>\n<p align=\"justify\">Durante la reuni\u00f3n se entreg\u00f3 un diploma y fotos como recordatorio a cada instituci\u00f3n que se ocup\u00f3 de la gastronom\u00eda, a los talleres municipales y a quienes mostraron su labor en la muestra institucional.<\/p>\n<p align=\"justify\"><a href=\"http:\/\/www.oroverde.com.ar\/web\/wp-content\/uploads\/2017\/08\/Reuni\u00f3n-Pos-FDL-6-Large-1.jpg\"><img decoding=\"async\" class=\"aligncenter size-full wp-image-1937\" src=\"http:\/\/www.oroverde.com.ar\/web\/wp-content\/uploads\/2017\/08\/Reuni\u00f3n-Pos-FDL-6-Large-1.jpg\" alt=\"\" width=\"1620\" height=\"1080\" srcset=\"https:\/\/www.oroverde.com.ar\/web\/wp-content\/uploads\/2017\/08\/Reuni\u00f3n-Pos-FDL-6-Large-1.jpg 1620w, https:\/\/www.oroverde.com.ar\/web\/wp-content\/uploads\/2017\/08\/Reuni\u00f3n-Pos-FDL-6-Large-1-300x200.jpg 300w, https:\/\/www.oroverde.com.ar\/web\/wp-content\/uploads\/2017\/08\/Reuni\u00f3n-Pos-FDL-6-Large-1-1024x683.jpg 1024w, https:\/\/www.oroverde.com.ar\/web\/wp-content\/uploads\/2017\/08\/Reuni\u00f3n-Pos-FDL-6-Large-1-150x100.jpg 150w, https:\/\/www.oroverde.com.ar\/web\/wp-content\/uploads\/2017\/08\/Reuni\u00f3n-Pos-FDL-6-Large-1-768x512.jpg 768w, https:\/\/www.oroverde.com.ar\/web\/wp-content\/uploads\/2017\/08\/Reuni\u00f3n-Pos-FDL-6-Large-1-1536x1024.jpg 1536w, https:\/\/www.oroverde.com.ar\/web\/wp-content\/uploads\/2017\/08\/Reuni\u00f3n-Pos-FDL-6-Large-1-1226x817.jpg 1226w, https:\/\/www.oroverde.com.ar\/web\/wp-content\/uploads\/2017\/08\/Reuni\u00f3n-Pos-FDL-6-Large-1-850x567.jpg 850w\" sizes=\"(max-width: 1620px) 100vw, 1620px\" \/><\/a>El intendente Dum\u00e9, destac\u00f3 la fiesta y el trabajo colectivo como s\u00edmbolo de este evento \u201cdesde el Municipio estamos muy conformes con esta segunda edici\u00f3n de la fiesta que ya es nuestra, por trabajo y apropiaci\u00f3n de la comunidad. M\u00e1s all\u00e1 del \u00e9xito de p\u00fablico, y de la calidad de la propuesta de este a\u00f1o, queremos rescatar el trabajo de cada uno de los actores que est\u00e1n ac\u00e1, que pudimos, entre todos, organizar esta apuesta cultural y tur\u00edstica que ubica a Oro Verde en el calendario de fiestas de la regi\u00f3n. Adem\u00e1s, que permite que muchas instituciones puedan financiarse a trav\u00e9s de las ganancias que pudieron generar presentando la oferta gastron\u00f3mica\u201d, explic\u00f3 y agreg\u00f3, \u201ca\u00fan quedan cosas que iremos puliendo, pero ante todo quiero rescatar el trabajo mancomunado\u201d.<\/p>\n<p align=\"justify\">\n","protected":false},"excerpt":{"rendered":"<p>\u00a0El Municipio convoc\u00f3 el pasado mi\u00e9rcoles\u00a0 por la noche a las instituciones y organizaciones que participaron de la Fiesta del Locro para realizar un balance, no s\u00f3lo econ\u00f3mico, sino de&#8230;<\/p>\n","protected":false},"author":1,"featured_media":0,"comment_status":"open","ping_status":"closed","sticky":false,"template":"","format":"standard","meta":{"_eb_attr":"","footnotes":""},"categories":[5],"tags":[],"class_list":["post-1935","post","type-post","status-publish","format-standard","hentry","category-noticias-municipales","wpcat-5-id"],"_links":{"self":[{"href":"https:\/\/www.oroverde.com.ar\/web\/wp-json\/wp\/v2\/posts\/1935","targetHints":{"allow":["GET"]}}],"collection":[{"href":"https:\/\/www.oroverde.com.ar\/web\/wp-json\/wp\/v2\/posts"}],"about":[{"href":"https:\/\/www.oroverde.com.ar\/web\/wp-json\/wp\/v2\/types\/post"}],"author":[{"embeddable":true,"href":"https:\/\/www.oroverde.com.ar\/web\/wp-json\/wp\/v2\/users\/1"}],"replies":[{"embeddable":true,"href":"https:\/\/www.oroverde.com.ar\/web\/wp-json\/wp\/v2\/comments?post=1935"}],"version-history":[{"count":1,"href":"https:\/\/www.oroverde.com.ar\/web\/wp-json\/wp\/v2\/posts\/1935\/revisions"}],"predecessor-version":[{"id":1939,"href":"https:\/\/www.oroverde.com.ar\/web\/wp-json\/wp\/v2\/posts\/1935\/revisions\/1939"}],"wp:attachment":[{"href":"https:\/\/www.oroverde.com.ar\/web\/wp-json\/wp\/v2\/media?parent=1935"}],"wp:term":[{"taxonomy":"category","embeddable":true,"href":"https:\/\/www.oroverde.com.ar\/web\/wp-json\/wp\/v2\/categories?post=1935"},{"taxonomy":"post_tag","embeddable":true,"href":"https:\/\/www.oroverde.com.ar\/web\/wp-json\/wp\/v2\/tags?post=1935"}],"curies":[{"name":"wp","href":"https:\/\/api.w.org\/{rel}","templated":true}]}}