{"id":1944,"date":"2017-08-14T11:15:48","date_gmt":"2017-08-14T14:15:48","guid":{"rendered":"http:\/\/www.oroverde.com.ar\/web\/?p=1944"},"modified":"2017-08-14T11:20:09","modified_gmt":"2017-08-14T14:20:09","slug":"reparan-luminarias-y-colocan-nuevas-columnas-en-los-ombues","status":"publish","type":"post","link":"https:\/\/www.oroverde.com.ar\/web\/reparan-luminarias-y-colocan-nuevas-columnas-en-los-ombues\/","title":{"rendered":"Reparan luminarias y colocan nuevas columnas en Los Omb\u00faes"},"content":{"rendered":"<p style=\"text-align: justify;\"><a href=\"http:\/\/www.oroverde.com.ar\/web\/wp-content\/uploads\/2017\/08\/Luminarias-en-Los-Omb\u00faes-y-Los-Canarios-1.jpg\"><img fetchpriority=\"high\" decoding=\"async\" class=\"aligncenter wp-image-1945 size-large\" src=\"http:\/\/www.oroverde.com.ar\/web\/wp-content\/uploads\/2017\/08\/Luminarias-en-Los-Omb\u00faes-y-Los-Canarios-1-1024x768.jpg\" alt=\"\" width=\"530\" height=\"398\" srcset=\"https:\/\/www.oroverde.com.ar\/web\/wp-content\/uploads\/2017\/08\/Luminarias-en-Los-Omb\u00faes-y-Los-Canarios-1-1024x768.jpg 1024w, https:\/\/www.oroverde.com.ar\/web\/wp-content\/uploads\/2017\/08\/Luminarias-en-Los-Omb\u00faes-y-Los-Canarios-1-300x225.jpg 300w, https:\/\/www.oroverde.com.ar\/web\/wp-content\/uploads\/2017\/08\/Luminarias-en-Los-Omb\u00faes-y-Los-Canarios-1-150x113.jpg 150w, https:\/\/www.oroverde.com.ar\/web\/wp-content\/uploads\/2017\/08\/Luminarias-en-Los-Omb\u00faes-y-Los-Canarios-1-768x576.jpg 768w, https:\/\/www.oroverde.com.ar\/web\/wp-content\/uploads\/2017\/08\/Luminarias-en-Los-Omb\u00faes-y-Los-Canarios-1-1536x1153.jpg 1536w, https:\/\/www.oroverde.com.ar\/web\/wp-content\/uploads\/2017\/08\/Luminarias-en-Los-Omb\u00faes-y-Los-Canarios-1-1226x920.jpg 1226w, https:\/\/www.oroverde.com.ar\/web\/wp-content\/uploads\/2017\/08\/Luminarias-en-Los-Omb\u00faes-y-Los-Canarios-1-850x638.jpg 850w, https:\/\/www.oroverde.com.ar\/web\/wp-content\/uploads\/2017\/08\/Luminarias-en-Los-Omb\u00faes-y-Los-Canarios-1-480x360.jpg 480w, https:\/\/www.oroverde.com.ar\/web\/wp-content\/uploads\/2017\/08\/Luminarias-en-Los-Omb\u00faes-y-Los-Canarios-1.jpg 1803w\" sizes=\"(max-width: 530px) 100vw, 530px\" \/><\/a>Contin\u00faa la reparaci\u00f3n de luminarias en diferentes zonas de la planta urbana, seg\u00fan los reclamos que presentan los vecinos y el recambio previsto por el Municipio. Tambi\u00e9n instalaron seis nuevas columnas de alumbrado en Los Canarios y Los Omb\u00faes, donde se realiz\u00f3 cord\u00f3n el a\u00f1o pasado.<\/p>\n<p style=\"text-align: justify;\"><!--more--><a href=\"http:\/\/www.oroverde.com.ar\/web\/wp-content\/uploads\/2017\/08\/Luminarias-en-Los-Omb\u00faes-y-Los-Canarios-artefactos-a.jpg\"><img decoding=\"async\" class=\"aligncenter wp-image-1946 size-medium\" src=\"http:\/\/www.oroverde.com.ar\/web\/wp-content\/uploads\/2017\/08\/Luminarias-en-Los-Omb\u00faes-y-Los-Canarios-artefactos-a-300x225.jpg\" alt=\"\" width=\"300\" height=\"225\" srcset=\"https:\/\/www.oroverde.com.ar\/web\/wp-content\/uploads\/2017\/08\/Luminarias-en-Los-Omb\u00faes-y-Los-Canarios-artefactos-a-300x225.jpg 300w, https:\/\/www.oroverde.com.ar\/web\/wp-content\/uploads\/2017\/08\/Luminarias-en-Los-Omb\u00faes-y-Los-Canarios-artefactos-a-150x112.jpg 150w, https:\/\/www.oroverde.com.ar\/web\/wp-content\/uploads\/2017\/08\/Luminarias-en-Los-Omb\u00faes-y-Los-Canarios-artefactos-a-768x575.jpg 768w, https:\/\/www.oroverde.com.ar\/web\/wp-content\/uploads\/2017\/08\/Luminarias-en-Los-Omb\u00faes-y-Los-Canarios-artefactos-a-850x637.jpg 850w, https:\/\/www.oroverde.com.ar\/web\/wp-content\/uploads\/2017\/08\/Luminarias-en-Los-Omb\u00faes-y-Los-Canarios-artefactos-a-480x360.jpg 480w, https:\/\/www.oroverde.com.ar\/web\/wp-content\/uploads\/2017\/08\/Luminarias-en-Los-Omb\u00faes-y-Los-Canarios-artefactos-a.jpg 953w\" sizes=\"(max-width: 300px) 100vw, 300px\" \/><\/a>Esta semana se arregl\u00f3 gran parte de las luminarias que no funcionaban en algunas zonas de la localidad. El mantenimiento habitual estaba retrasado porque el hidroelevador que se utiliza para alcanzar los artefactos del alumbrado estaba en reparaci\u00f3n. Debido a esto se atendieron reci\u00e9n en los \u00faltimos d\u00edas los reclamos que hab\u00edan llegado al Municipio.<\/p>\n<p style=\"text-align: justify;\">Adem\u00e1s, se colocaron seis nuevas columnas de alumbrado con sus artefactos en calle Los Omb\u00faes y Los Canarios, en el mismo lugar donde anteriormente se realiz\u00f3 el cord\u00f3n cuneta, para otorgar una mejor visibilidad y seguridad.<\/p>\n<p>Fuente: Municipio de Oro Verde<\/p>\n","protected":false},"excerpt":{"rendered":"<p>Contin\u00faa la reparaci\u00f3n de luminarias en diferentes zonas de la planta urbana, seg\u00fan los reclamos que presentan los vecinos y el recambio previsto por el Municipio. Tambi\u00e9n instalaron seis nuevas&#8230;<\/p>\n","protected":false},"author":2,"featured_media":0,"comment_status":"open","ping_status":"closed","sticky":false,"template":"","format":"standard","meta":{"_eb_attr":"","footnotes":""},"categories":[5],"tags":[],"class_list":["post-1944","post","type-post","status-publish","format-standard","hentry","category-noticias-municipales","wpcat-5-id"],"_links":{"self":[{"href":"https:\/\/www.oroverde.com.ar\/web\/wp-json\/wp\/v2\/posts\/1944","targetHints":{"allow":["GET"]}}],"collection":[{"href":"https:\/\/www.oroverde.com.ar\/web\/wp-json\/wp\/v2\/posts"}],"about":[{"href":"https:\/\/www.oroverde.com.ar\/web\/wp-json\/wp\/v2\/types\/post"}],"author":[{"embeddable":true,"href":"https:\/\/www.oroverde.com.ar\/web\/wp-json\/wp\/v2\/users\/2"}],"replies":[{"embeddable":true,"href":"https:\/\/www.oroverde.com.ar\/web\/wp-json\/wp\/v2\/comments?post=1944"}],"version-history":[{"count":4,"href":"https:\/\/www.oroverde.com.ar\/web\/wp-json\/wp\/v2\/posts\/1944\/revisions"}],"predecessor-version":[{"id":1950,"href":"https:\/\/www.oroverde.com.ar\/web\/wp-json\/wp\/v2\/posts\/1944\/revisions\/1950"}],"wp:attachment":[{"href":"https:\/\/www.oroverde.com.ar\/web\/wp-json\/wp\/v2\/media?parent=1944"}],"wp:term":[{"taxonomy":"category","embeddable":true,"href":"https:\/\/www.oroverde.com.ar\/web\/wp-json\/wp\/v2\/categories?post=1944"},{"taxonomy":"post_tag","embeddable":true,"href":"https:\/\/www.oroverde.com.ar\/web\/wp-json\/wp\/v2\/tags?post=1944"}],"curies":[{"name":"wp","href":"https:\/\/api.w.org\/{rel}","templated":true}]}}