{"id":1954,"date":"2017-08-14T11:37:38","date_gmt":"2017-08-14T14:37:38","guid":{"rendered":"http:\/\/www.oroverde.com.ar\/web\/?p=1954"},"modified":"2017-08-14T11:37:49","modified_gmt":"2017-08-14T14:37:49","slug":"avanzan-las-obras-en-el-loteo-social-de-av-los-cisnes","status":"publish","type":"post","link":"https:\/\/www.oroverde.com.ar\/web\/avanzan-las-obras-en-el-loteo-social-de-av-los-cisnes\/","title":{"rendered":"Avanzan las obras en el  Loteo Social de Av. Los Cisnes"},"content":{"rendered":"<p style=\"text-align: justify;\"><a href=\"http:\/\/www.oroverde.com.ar\/web\/wp-content\/uploads\/2017\/08\/Terrenos-sociales-2-Large.jpg\"><img fetchpriority=\"high\" decoding=\"async\" class=\"aligncenter wp-image-1955 size-large\" src=\"http:\/\/www.oroverde.com.ar\/web\/wp-content\/uploads\/2017\/08\/Terrenos-sociales-2-Large-1024x683.jpg\" alt=\"\" width=\"530\" height=\"354\" srcset=\"https:\/\/www.oroverde.com.ar\/web\/wp-content\/uploads\/2017\/08\/Terrenos-sociales-2-Large-1024x683.jpg 1024w, https:\/\/www.oroverde.com.ar\/web\/wp-content\/uploads\/2017\/08\/Terrenos-sociales-2-Large-300x200.jpg 300w, https:\/\/www.oroverde.com.ar\/web\/wp-content\/uploads\/2017\/08\/Terrenos-sociales-2-Large-150x100.jpg 150w, https:\/\/www.oroverde.com.ar\/web\/wp-content\/uploads\/2017\/08\/Terrenos-sociales-2-Large-768x512.jpg 768w, https:\/\/www.oroverde.com.ar\/web\/wp-content\/uploads\/2017\/08\/Terrenos-sociales-2-Large-1536x1024.jpg 1536w, https:\/\/www.oroverde.com.ar\/web\/wp-content\/uploads\/2017\/08\/Terrenos-sociales-2-Large-1226x817.jpg 1226w, https:\/\/www.oroverde.com.ar\/web\/wp-content\/uploads\/2017\/08\/Terrenos-sociales-2-Large-850x567.jpg 850w, https:\/\/www.oroverde.com.ar\/web\/wp-content\/uploads\/2017\/08\/Terrenos-sociales-2-Large.jpg 1620w\" sizes=\"(max-width: 530px) 100vw, 530px\" \/><\/a>El Loteo Social de Av. Los Cisnes era hace unos a\u00f1os, parte de un campo sin urbanizar, desde que lo adquiri\u00f3 el Banco de Tierras, el Municipio trabaja para dotar a los 99 lotes de los servicios esenciales. Las obras se llevan delante de acuerdo al presupuesto municipal y hasta el momento se realiz\u00f3 la red cloacal, la de agua potable y el tendido el\u00e9ctrico troncal. Hoy se trabaja en Estaci\u00f3n elevadora de efluentes cloacales y comenz\u00f3 la apertura de las calles para llevarlas al nivel que permita empezar el cord\u00f3n cuneta.<\/p>\n<p style=\"text-align: justify;\"><!--more-->La planta elevadora de efluentes contin\u00faa con su progreso y el lunes se retirar\u00e1 el encofrado que la sostiene. Ya est\u00e1 a nivel de piso, y a\u00fan restan dos etapas para completarla. Esta estaci\u00f3n elevadora es necesaria porque la inclinaci\u00f3n del terreno no permitir\u00eda el funcionamiento de la red.<\/p>\n<p style=\"text-align: justify;\"><a href=\"http:\/\/www.oroverde.com.ar\/web\/wp-content\/uploads\/2017\/08\/Terrenos-sociales-1-Large.jpg\"><img decoding=\"async\" class=\"aligncenter wp-image-1956 size-large\" src=\"http:\/\/www.oroverde.com.ar\/web\/wp-content\/uploads\/2017\/08\/Terrenos-sociales-1-Large-1024x683.jpg\" alt=\"\" width=\"530\" height=\"354\" srcset=\"https:\/\/www.oroverde.com.ar\/web\/wp-content\/uploads\/2017\/08\/Terrenos-sociales-1-Large-1024x683.jpg 1024w, https:\/\/www.oroverde.com.ar\/web\/wp-content\/uploads\/2017\/08\/Terrenos-sociales-1-Large-300x200.jpg 300w, https:\/\/www.oroverde.com.ar\/web\/wp-content\/uploads\/2017\/08\/Terrenos-sociales-1-Large-150x100.jpg 150w, https:\/\/www.oroverde.com.ar\/web\/wp-content\/uploads\/2017\/08\/Terrenos-sociales-1-Large-768x512.jpg 768w, https:\/\/www.oroverde.com.ar\/web\/wp-content\/uploads\/2017\/08\/Terrenos-sociales-1-Large-1536x1024.jpg 1536w, https:\/\/www.oroverde.com.ar\/web\/wp-content\/uploads\/2017\/08\/Terrenos-sociales-1-Large-1226x817.jpg 1226w, https:\/\/www.oroverde.com.ar\/web\/wp-content\/uploads\/2017\/08\/Terrenos-sociales-1-Large-850x567.jpg 850w, https:\/\/www.oroverde.com.ar\/web\/wp-content\/uploads\/2017\/08\/Terrenos-sociales-1-Large.jpg 1620w\" sizes=\"(max-width: 530px) 100vw, 530px\" \/><\/a>Desde esta semana el personal municipal est\u00e1 trabajando en la apertura de las calles del Loteo y se toman los niveles necesarios para la calzada. Deben bajarse cerca de 50 cent\u00edmetros para poder afirmarla y construir el cord\u00f3n cuneta.<\/p>\n<p>Fuente: Municipio de Oro Verde<\/p>\n","protected":false},"excerpt":{"rendered":"<p>El Loteo Social de Av. Los Cisnes era hace unos a\u00f1os, parte de un campo sin urbanizar, desde que lo adquiri\u00f3 el Banco de Tierras, el Municipio trabaja para dotar&#8230;<\/p>\n","protected":false},"author":2,"featured_media":0,"comment_status":"open","ping_status":"closed","sticky":false,"template":"","format":"standard","meta":{"_eb_attr":"","footnotes":""},"categories":[5],"tags":[],"class_list":["post-1954","post","type-post","status-publish","format-standard","hentry","category-noticias-municipales","wpcat-5-id"],"_links":{"self":[{"href":"https:\/\/www.oroverde.com.ar\/web\/wp-json\/wp\/v2\/posts\/1954","targetHints":{"allow":["GET"]}}],"collection":[{"href":"https:\/\/www.oroverde.com.ar\/web\/wp-json\/wp\/v2\/posts"}],"about":[{"href":"https:\/\/www.oroverde.com.ar\/web\/wp-json\/wp\/v2\/types\/post"}],"author":[{"embeddable":true,"href":"https:\/\/www.oroverde.com.ar\/web\/wp-json\/wp\/v2\/users\/2"}],"replies":[{"embeddable":true,"href":"https:\/\/www.oroverde.com.ar\/web\/wp-json\/wp\/v2\/comments?post=1954"}],"version-history":[{"count":1,"href":"https:\/\/www.oroverde.com.ar\/web\/wp-json\/wp\/v2\/posts\/1954\/revisions"}],"predecessor-version":[{"id":1957,"href":"https:\/\/www.oroverde.com.ar\/web\/wp-json\/wp\/v2\/posts\/1954\/revisions\/1957"}],"wp:attachment":[{"href":"https:\/\/www.oroverde.com.ar\/web\/wp-json\/wp\/v2\/media?parent=1954"}],"wp:term":[{"taxonomy":"category","embeddable":true,"href":"https:\/\/www.oroverde.com.ar\/web\/wp-json\/wp\/v2\/categories?post=1954"},{"taxonomy":"post_tag","embeddable":true,"href":"https:\/\/www.oroverde.com.ar\/web\/wp-json\/wp\/v2\/tags?post=1954"}],"curies":[{"name":"wp","href":"https:\/\/api.w.org\/{rel}","templated":true}]}}