{"id":1958,"date":"2017-08-14T11:48:33","date_gmt":"2017-08-14T14:48:33","guid":{"rendered":"http:\/\/www.oroverde.com.ar\/web\/?p=1958"},"modified":"2017-08-14T11:50:46","modified_gmt":"2017-08-14T14:50:46","slug":"se-incorporo-el-taller-de-teatro-comunitario-a-la-oferta-municipal","status":"publish","type":"post","link":"https:\/\/www.oroverde.com.ar\/web\/se-incorporo-el-taller-de-teatro-comunitario-a-la-oferta-municipal\/","title":{"rendered":"Se incorpor\u00f3 el taller  de Teatro Comunitario a la oferta municipal"},"content":{"rendered":"<p style=\"text-align: justify;\"><a href=\"http:\/\/www.oroverde.com.ar\/web\/wp-content\/uploads\/2017\/08\/Primer\u00edsimos-lectores-Large.jpg\"><img fetchpriority=\"high\" decoding=\"async\" class=\"aligncenter wp-image-1959 size-large\" src=\"http:\/\/www.oroverde.com.ar\/web\/wp-content\/uploads\/2017\/08\/Primer\u00edsimos-lectores-Large-1024x683.jpg\" alt=\"\" width=\"530\" height=\"354\" srcset=\"https:\/\/www.oroverde.com.ar\/web\/wp-content\/uploads\/2017\/08\/Primer\u00edsimos-lectores-Large-1024x683.jpg 1024w, https:\/\/www.oroverde.com.ar\/web\/wp-content\/uploads\/2017\/08\/Primer\u00edsimos-lectores-Large-300x200.jpg 300w, https:\/\/www.oroverde.com.ar\/web\/wp-content\/uploads\/2017\/08\/Primer\u00edsimos-lectores-Large-150x100.jpg 150w, https:\/\/www.oroverde.com.ar\/web\/wp-content\/uploads\/2017\/08\/Primer\u00edsimos-lectores-Large-768x512.jpg 768w, https:\/\/www.oroverde.com.ar\/web\/wp-content\/uploads\/2017\/08\/Primer\u00edsimos-lectores-Large-1536x1024.jpg 1536w, https:\/\/www.oroverde.com.ar\/web\/wp-content\/uploads\/2017\/08\/Primer\u00edsimos-lectores-Large-1226x817.jpg 1226w, https:\/\/www.oroverde.com.ar\/web\/wp-content\/uploads\/2017\/08\/Primer\u00edsimos-lectores-Large-850x567.jpg 850w, https:\/\/www.oroverde.com.ar\/web\/wp-content\/uploads\/2017\/08\/Primer\u00edsimos-lectores-Large.jpg 1620w\" sizes=\"(max-width: 530px) 100vw, 530px\" \/><\/a>Un nuevo taller municipal se incorpor\u00f3 el este jueves 10 de agosto: Teatro comunitario. Se trata de una propuesta intergeneracional, que mediante recursos teatrales y la actuaci\u00f3n, invita a contar el espacio comunitario, nuestro paisaje y vivencias de forma colectiva.<\/p>\n<p style=\"text-align: justify;\"><!--more-->El taller de Teatro comunitario comenz\u00f3 el jueves, y es la nueva propuesta dentro de los talleres municipales que funcionaron todo el a\u00f1o. La participaci\u00f3n de los otros talleres y de un importante grupo de vecinos en la 2da. Fiesta Regional del Locro, fue el puntapi\u00e9 para esta propuesta que viene a integrar espacios.<\/p>\n<p style=\"text-align: justify;\">La profesora, Olivia Reinhart, expres\u00f3 que, ante todo, \u201cpensamos en contar la comunidad no como un acto individual, sino en un taller colectivo, con diferentes edades, visiones y proveniencias\u00bb.<\/p>\n<p style=\"text-align: justify;\">La propuesta se dictar\u00e1 los jueves a las 19 en el Museo Conrado Hasenauer (Los Tordos y Los Sauces), es completamente gratuita y pueden asistir adultos, j\u00f3venes y ni\u00f1os desde los 8 a\u00f1os.<\/p>\n<p>Fuente: Municipio de Oro Verde<\/p>\n","protected":false},"excerpt":{"rendered":"<p>Un nuevo taller municipal se incorpor\u00f3 el este jueves 10 de agosto: Teatro comunitario. Se trata de una propuesta intergeneracional, que mediante recursos teatrales y la actuaci\u00f3n, invita a contar&#8230;<\/p>\n","protected":false},"author":2,"featured_media":0,"comment_status":"open","ping_status":"closed","sticky":false,"template":"","format":"standard","meta":{"_eb_attr":"","footnotes":""},"categories":[5],"tags":[],"class_list":["post-1958","post","type-post","status-publish","format-standard","hentry","category-noticias-municipales","wpcat-5-id"],"_links":{"self":[{"href":"https:\/\/www.oroverde.com.ar\/web\/wp-json\/wp\/v2\/posts\/1958","targetHints":{"allow":["GET"]}}],"collection":[{"href":"https:\/\/www.oroverde.com.ar\/web\/wp-json\/wp\/v2\/posts"}],"about":[{"href":"https:\/\/www.oroverde.com.ar\/web\/wp-json\/wp\/v2\/types\/post"}],"author":[{"embeddable":true,"href":"https:\/\/www.oroverde.com.ar\/web\/wp-json\/wp\/v2\/users\/2"}],"replies":[{"embeddable":true,"href":"https:\/\/www.oroverde.com.ar\/web\/wp-json\/wp\/v2\/comments?post=1958"}],"version-history":[{"count":1,"href":"https:\/\/www.oroverde.com.ar\/web\/wp-json\/wp\/v2\/posts\/1958\/revisions"}],"predecessor-version":[{"id":1960,"href":"https:\/\/www.oroverde.com.ar\/web\/wp-json\/wp\/v2\/posts\/1958\/revisions\/1960"}],"wp:attachment":[{"href":"https:\/\/www.oroverde.com.ar\/web\/wp-json\/wp\/v2\/media?parent=1958"}],"wp:term":[{"taxonomy":"category","embeddable":true,"href":"https:\/\/www.oroverde.com.ar\/web\/wp-json\/wp\/v2\/categories?post=1958"},{"taxonomy":"post_tag","embeddable":true,"href":"https:\/\/www.oroverde.com.ar\/web\/wp-json\/wp\/v2\/tags?post=1958"}],"curies":[{"name":"wp","href":"https:\/\/api.w.org\/{rel}","templated":true}]}}