{"id":1961,"date":"2017-08-14T12:05:16","date_gmt":"2017-08-14T15:05:16","guid":{"rendered":"http:\/\/www.oroverde.com.ar\/web\/?p=1961"},"modified":"2017-08-14T12:09:25","modified_gmt":"2017-08-14T15:09:25","slug":"actividad-de-promocion-de-lectura-de-primeros-anos","status":"publish","type":"post","link":"https:\/\/www.oroverde.com.ar\/web\/actividad-de-promocion-de-lectura-de-primeros-anos\/","title":{"rendered":"Actividad de promoci\u00f3n de lectura de Primeros a\u00f1os"},"content":{"rendered":"<p style=\"text-align: justify;\"><a href=\"http:\/\/www.oroverde.com.ar\/web\/wp-content\/uploads\/2017\/08\/20729201_1256002001176252_3729649326655768835_n.png\"><img fetchpriority=\"high\" decoding=\"async\" class=\"aligncenter wp-image-1962 size-full\" src=\"http:\/\/www.oroverde.com.ar\/web\/wp-content\/uploads\/2017\/08\/20729201_1256002001176252_3729649326655768835_n.png\" alt=\"\" width=\"940\" height=\"788\" srcset=\"https:\/\/www.oroverde.com.ar\/web\/wp-content\/uploads\/2017\/08\/20729201_1256002001176252_3729649326655768835_n.png 940w, https:\/\/www.oroverde.com.ar\/web\/wp-content\/uploads\/2017\/08\/20729201_1256002001176252_3729649326655768835_n-300x251.png 300w, https:\/\/www.oroverde.com.ar\/web\/wp-content\/uploads\/2017\/08\/20729201_1256002001176252_3729649326655768835_n-150x126.png 150w, https:\/\/www.oroverde.com.ar\/web\/wp-content\/uploads\/2017\/08\/20729201_1256002001176252_3729649326655768835_n-768x644.png 768w, https:\/\/www.oroverde.com.ar\/web\/wp-content\/uploads\/2017\/08\/20729201_1256002001176252_3729649326655768835_n-850x713.png 850w\" sizes=\"(max-width: 940px) 100vw, 940px\" \/><\/a>Este martes 15 de agosto a las 16.30 en la Biblioteca Popular \u201cEncuentros\u201d, se realizar\u00e1 un nuevo encuentro de \u201cPrimer\u00edsimos Lectores\u201d, una iniciativa de \u201cPrimeros a\u00f1os\u201d que se centra en la promoci\u00f3n de la lectura en la primera infancia. Sol Acosta, una de facilitadoras expres\u00f3 que \u201ceste es un espacio que se sum\u00f3 a los encuentros de juegos. Por medio de Naci\u00f3n se consiguieron 50 libros para los m\u00e1s chiquitos y la idea es hacer encuentros en distintas instituciones, siempre con el acompa\u00f1amiento y la participaci\u00f3n de los adultos de la familia tambi\u00e9n\u201d.<\/p>\n<p style=\"text-align: justify;\"><!--more-->El programa Primeros A\u00f1os es una pol\u00edtica que se nutre de iniciativas de los ministerios de Desarrollo Social, Salud, Justicia y Derechos Humanos, Trabajo, Empleo y Seguridad Social y Educaci\u00f3n. Es implementada en todo el pa\u00eds y con el apoyo de los municipios locales. En Oro Verde, cuenta con tres facilitadoras (Noem\u00ed Benitez, Sol Acosta y Susana Porciel) que llevan adelante las actividades y se capacitan permanentemente con el grupo de profesionales que coordina una de las siete zonas en las que se divide Paran\u00e1.<\/p>\n<p style=\"text-align: justify;\">\u201cTodos los a\u00f1os se trabaja bajo un lema, en 2017 es acompa\u00f1ando la crianza, y se est\u00e1 haciendo un seguimiento m\u00e1s personalizado de las familias. Seguimos con los encuentros de juegos comunitarios que se van a hacer una vez al mes, y ahora se agreg\u00f3 la promoci\u00f3n de lectura\u201d, explic\u00f3 la facilitadora.<\/p>\n<p style=\"text-align: justify;\">\u201cLa idea es coordinar con las instituciones para llevar esta mini biblioteca para los chicos de hasta cuatro a\u00f1os. Claro que tambi\u00e9n pueden ir acompa\u00f1ados de un hermano m\u00e1s grande, y por un adulto, porque creemos que la participaci\u00f3n de la familia enriquece la experiencia\u201d, finaliz\u00f3.<\/p>\n<p style=\"text-align: justify;\">Fuente: Municipio de Oro Verde<\/p>\n","protected":false},"excerpt":{"rendered":"<p>Este martes 15 de agosto a las 16.30 en la Biblioteca Popular \u201cEncuentros\u201d, se realizar\u00e1 un nuevo encuentro de \u201cPrimer\u00edsimos Lectores\u201d, una iniciativa de \u201cPrimeros a\u00f1os\u201d que se centra en&#8230;<\/p>\n","protected":false},"author":2,"featured_media":0,"comment_status":"open","ping_status":"closed","sticky":false,"template":"","format":"standard","meta":{"_eb_attr":"","footnotes":""},"categories":[5],"tags":[],"class_list":["post-1961","post","type-post","status-publish","format-standard","hentry","category-noticias-municipales","wpcat-5-id"],"_links":{"self":[{"href":"https:\/\/www.oroverde.com.ar\/web\/wp-json\/wp\/v2\/posts\/1961","targetHints":{"allow":["GET"]}}],"collection":[{"href":"https:\/\/www.oroverde.com.ar\/web\/wp-json\/wp\/v2\/posts"}],"about":[{"href":"https:\/\/www.oroverde.com.ar\/web\/wp-json\/wp\/v2\/types\/post"}],"author":[{"embeddable":true,"href":"https:\/\/www.oroverde.com.ar\/web\/wp-json\/wp\/v2\/users\/2"}],"replies":[{"embeddable":true,"href":"https:\/\/www.oroverde.com.ar\/web\/wp-json\/wp\/v2\/comments?post=1961"}],"version-history":[{"count":1,"href":"https:\/\/www.oroverde.com.ar\/web\/wp-json\/wp\/v2\/posts\/1961\/revisions"}],"predecessor-version":[{"id":1963,"href":"https:\/\/www.oroverde.com.ar\/web\/wp-json\/wp\/v2\/posts\/1961\/revisions\/1963"}],"wp:attachment":[{"href":"https:\/\/www.oroverde.com.ar\/web\/wp-json\/wp\/v2\/media?parent=1961"}],"wp:term":[{"taxonomy":"category","embeddable":true,"href":"https:\/\/www.oroverde.com.ar\/web\/wp-json\/wp\/v2\/categories?post=1961"},{"taxonomy":"post_tag","embeddable":true,"href":"https:\/\/www.oroverde.com.ar\/web\/wp-json\/wp\/v2\/tags?post=1961"}],"curies":[{"name":"wp","href":"https:\/\/api.w.org\/{rel}","templated":true}]}}