{"id":1969,"date":"2017-08-22T08:53:05","date_gmt":"2017-08-22T11:53:05","guid":{"rendered":"http:\/\/www.oroverde.com.ar\/web\/?p=1969"},"modified":"2017-08-22T08:54:30","modified_gmt":"2017-08-22T11:54:30","slug":"comenzaron-a-amojonar-las-manzanas-y-delimitar-parcelas-en-el-loteo-social","status":"publish","type":"post","link":"https:\/\/www.oroverde.com.ar\/web\/comenzaron-a-amojonar-las-manzanas-y-delimitar-parcelas-en-el-loteo-social\/","title":{"rendered":"Comenzaron a amojonar las manzanas y delimitar parcelas en el loteo social"},"content":{"rendered":"<p style=\"text-align: justify;\"><a href=\"http:\/\/www.oroverde.com.ar\/web\/wp-content\/uploads\/2017\/08\/Amojonamiento-Loteo-Social.jpg\"><img fetchpriority=\"high\" decoding=\"async\" class=\"aligncenter wp-image-1970 size-large\" src=\"http:\/\/www.oroverde.com.ar\/web\/wp-content\/uploads\/2017\/08\/Amojonamiento-Loteo-Social-1024x683.jpg\" alt=\"\" width=\"530\" height=\"354\" srcset=\"https:\/\/www.oroverde.com.ar\/web\/wp-content\/uploads\/2017\/08\/Amojonamiento-Loteo-Social-1024x683.jpg 1024w, https:\/\/www.oroverde.com.ar\/web\/wp-content\/uploads\/2017\/08\/Amojonamiento-Loteo-Social-300x200.jpg 300w, https:\/\/www.oroverde.com.ar\/web\/wp-content\/uploads\/2017\/08\/Amojonamiento-Loteo-Social-150x100.jpg 150w, https:\/\/www.oroverde.com.ar\/web\/wp-content\/uploads\/2017\/08\/Amojonamiento-Loteo-Social-768x512.jpg 768w, https:\/\/www.oroverde.com.ar\/web\/wp-content\/uploads\/2017\/08\/Amojonamiento-Loteo-Social-1536x1024.jpg 1536w, https:\/\/www.oroverde.com.ar\/web\/wp-content\/uploads\/2017\/08\/Amojonamiento-Loteo-Social-1226x817.jpg 1226w, https:\/\/www.oroverde.com.ar\/web\/wp-content\/uploads\/2017\/08\/Amojonamiento-Loteo-Social-850x567.jpg 850w, https:\/\/www.oroverde.com.ar\/web\/wp-content\/uploads\/2017\/08\/Amojonamiento-Loteo-Social.jpg 1620w\" sizes=\"(max-width: 530px) 100vw, 530px\" \/><\/a>En el Loteo Social est\u00e1n llevando adelante el amojonamiento de las manzanas y la subdivisi\u00f3n parcelaria. Esto permitir\u00e1 realizar la l\u00ednea el\u00e9ctrica secundaria y el cord\u00f3n cuneta.<\/p>\n<p style=\"text-align: justify;\"><!--more--><a href=\"http:\/\/www.oroverde.com.ar\/web\/wp-content\/uploads\/2017\/08\/Amojonamiento-Loteo-Social-1.jpg\"><img decoding=\"async\" class=\"size-medium wp-image-1971 alignleft\" src=\"http:\/\/www.oroverde.com.ar\/web\/wp-content\/uploads\/2017\/08\/Amojonamiento-Loteo-Social-1-300x200.jpg\" alt=\"\" width=\"300\" height=\"200\" srcset=\"https:\/\/www.oroverde.com.ar\/web\/wp-content\/uploads\/2017\/08\/Amojonamiento-Loteo-Social-1-300x200.jpg 300w, https:\/\/www.oroverde.com.ar\/web\/wp-content\/uploads\/2017\/08\/Amojonamiento-Loteo-Social-1-1024x683.jpg 1024w, https:\/\/www.oroverde.com.ar\/web\/wp-content\/uploads\/2017\/08\/Amojonamiento-Loteo-Social-1-150x100.jpg 150w, https:\/\/www.oroverde.com.ar\/web\/wp-content\/uploads\/2017\/08\/Amojonamiento-Loteo-Social-1-768x512.jpg 768w, https:\/\/www.oroverde.com.ar\/web\/wp-content\/uploads\/2017\/08\/Amojonamiento-Loteo-Social-1-1536x1024.jpg 1536w, https:\/\/www.oroverde.com.ar\/web\/wp-content\/uploads\/2017\/08\/Amojonamiento-Loteo-Social-1-1226x817.jpg 1226w, https:\/\/www.oroverde.com.ar\/web\/wp-content\/uploads\/2017\/08\/Amojonamiento-Loteo-Social-1-850x567.jpg 850w, https:\/\/www.oroverde.com.ar\/web\/wp-content\/uploads\/2017\/08\/Amojonamiento-Loteo-Social-1.jpg 1620w\" sizes=\"(max-width: 300px) 100vw, 300px\" \/><\/a>Los agrimensores contratados por el Municipio de Oro Verde estuvieron esta semana trabajando en el Loteo Social de Av. Los Cisnes donde plantaron las estacas para delimitar las manzanas y hacer la subdivisi\u00f3n parcelaria de los terrenos. Esto es necesario para trazar correctamente las calles donde posteriormente se har\u00e1 el cord\u00f3n cuneta y el tendido de la l\u00ednea el\u00e9ctrica que abastecer\u00e1 a los futuros usuarios.<\/p>\n<p>Fuente: Municipio de Oro Verde<\/p>\n","protected":false},"excerpt":{"rendered":"<p>En el Loteo Social est\u00e1n llevando adelante el amojonamiento de las manzanas y la subdivisi\u00f3n parcelaria. Esto permitir\u00e1 realizar la l\u00ednea el\u00e9ctrica secundaria y el cord\u00f3n cuneta.<\/p>\n","protected":false},"author":2,"featured_media":0,"comment_status":"open","ping_status":"closed","sticky":false,"template":"","format":"standard","meta":{"_eb_attr":"","footnotes":""},"categories":[5],"tags":[],"class_list":["post-1969","post","type-post","status-publish","format-standard","hentry","category-noticias-municipales","wpcat-5-id"],"_links":{"self":[{"href":"https:\/\/www.oroverde.com.ar\/web\/wp-json\/wp\/v2\/posts\/1969","targetHints":{"allow":["GET"]}}],"collection":[{"href":"https:\/\/www.oroverde.com.ar\/web\/wp-json\/wp\/v2\/posts"}],"about":[{"href":"https:\/\/www.oroverde.com.ar\/web\/wp-json\/wp\/v2\/types\/post"}],"author":[{"embeddable":true,"href":"https:\/\/www.oroverde.com.ar\/web\/wp-json\/wp\/v2\/users\/2"}],"replies":[{"embeddable":true,"href":"https:\/\/www.oroverde.com.ar\/web\/wp-json\/wp\/v2\/comments?post=1969"}],"version-history":[{"count":1,"href":"https:\/\/www.oroverde.com.ar\/web\/wp-json\/wp\/v2\/posts\/1969\/revisions"}],"predecessor-version":[{"id":1972,"href":"https:\/\/www.oroverde.com.ar\/web\/wp-json\/wp\/v2\/posts\/1969\/revisions\/1972"}],"wp:attachment":[{"href":"https:\/\/www.oroverde.com.ar\/web\/wp-json\/wp\/v2\/media?parent=1969"}],"wp:term":[{"taxonomy":"category","embeddable":true,"href":"https:\/\/www.oroverde.com.ar\/web\/wp-json\/wp\/v2\/categories?post=1969"},{"taxonomy":"post_tag","embeddable":true,"href":"https:\/\/www.oroverde.com.ar\/web\/wp-json\/wp\/v2\/tags?post=1969"}],"curies":[{"name":"wp","href":"https:\/\/api.w.org\/{rel}","templated":true}]}}