{"id":3475,"date":"2017-12-08T00:51:09","date_gmt":"2017-12-08T03:51:09","guid":{"rendered":"http:\/\/astroentrerios.com.ar\/web\/?p=9302"},"modified":"2017-12-12T08:21:01","modified_gmt":"2017-12-12T11:21:01","slug":"las-largas-sombras-de-madler","status":"publish","type":"post","link":"https:\/\/www.oroverde.com.ar\/web\/las-largas-sombras-de-madler\/","title":{"rendered":"Las largas sombras de M\u00e4dler"},"content":{"rendered":"<p><a title=\"madler\" href=\"http:\/\/astroentrerios.com.ar\/web\/wp-content\/uploads\/2017\/12\/madler.jpg\" rel=\"lightbox[9302]\" data-slb-active=\"1\" data-slb-asset=\"1959182481\" data-slb-internal=\"0\" data-slb-group=\"9302\"><img fetchpriority=\"high\" decoding=\"async\" class=\"alignnone size-large wp-image-9303\" src=\"http:\/\/www.oroverde.com.ar\/web\/wp-content\/uploads\/2017\/12\/las-largas-sombras-de-madler.jpg\" alt=\"madler\" width=\"640\" height=\"597\" \/><\/a><\/p>\n<p style=\"text-align: justify;\">Traducci\u00f3n del texto aparecido en la p\u00e1gina 14 de la edici\u00f3n de diciembre 2017 de \u201cThe Lunar Observer\u201d<\/p>\n<p style=\"text-align: justify;\">Con una colongitud de 145.3\u00ba y muy cerca del terminador (80% de iluminaci\u00f3n), ning\u00fan detalle de M\u00e4dler es visible, s\u00f3lo su caracter\u00edstica forma oval. La \u201cmagn\u00edfica desolaci\u00f3n\u201d lunar nos invita a so\u00f1ar y lo que me impresion\u00f3 por el ocular fue el inquietante espect\u00e1culo de las largas sombras de M\u00e4dler y de su insondable y oscuro fondo. Blanco y Negro.<\/p>\n<p style=\"text-align: justify;\"><!--more-->El fondo de M\u00e4dler era una fosa negra sin ning\u00fan detalle, las sombras engull\u00edan incluso la rima oeste. La rima este brillaba iluminada por el Sol y proyectaba una sombra gigantesca que parec\u00eda provenir de la impresionista iluminaci\u00f3n de un film noir de los a\u00f1os \u201940. Cuando me enter\u00e9 de la importante desigualdad en altura de las dos rimas de M\u00e4dler di por sentado que la rima m\u00e1s alta era la este, la que brillaba a la luz del sol, pero no, la m\u00e1s alta es la rima oeste, la que no se ve. Hacia el sur se observa un circulo negro, que presumo podr\u00eda ser la ruptura en la pared del cr\u00e1ter que se observa en las fotograf\u00edas de las misiones Apollo y Lunar Orbiter, m\u00e1s al sur del c\u00edrculo negro se extienden las caracter\u00edsticas zonas brillantes que circundan M\u00e4dler.<\/p>\n<p style=\"text-align: justify;\">Name and location of observer: Alberto Anunziato (Paran\u00e1, Argentina).<\/p>\n<p style=\"text-align: justify;\">Name of feature: M\u00e4dler.<\/p>\n<p style=\"text-align: justify;\">Date and time (UT) of observation: 04-16-2017\u00a0 04:40 to 05:00.<\/p>\n<p style=\"text-align: justify;\">Size and type of telescope used: 105 mm. Maksutov-Cassegrain (Meade EX 105).<\/p>\n<p style=\"text-align: justify;\">Seeing 7\/10.<\/p>\n<p style=\"text-align: justify;\">Magnification: 154X<\/p>\n<p style=\"text-align: justify;\">\n<blockquote class=\"wp-embedded-content\" data-secret=\"DeOrXhxNTD\"><p><a href=\"https:\/\/astroentrerios.com.ar\/web\/las-largas-sombras-de-madler\/\">Las largas sombras de M\u00e4dler<\/a><\/p><\/blockquote>\n<p><iframe class=\"wp-embedded-content\" sandbox=\"allow-scripts\" security=\"restricted\" style=\"position: absolute; clip: rect(1px, 1px, 1px, 1px);\" title=\"\u00abLas largas sombras de M\u00e4dler\u00bb \u2014 AEA\" src=\"https:\/\/astroentrerios.com.ar\/web\/las-largas-sombras-de-madler\/embed\/#?secret=Vhnol0gE18#?secret=DeOrXhxNTD\" data-secret=\"DeOrXhxNTD\" width=\"500\" height=\"282\" frameborder=\"0\" marginwidth=\"0\" marginheight=\"0\" scrolling=\"no\"><\/iframe><\/p>\n","protected":false},"excerpt":{"rendered":"<p>Traducci\u00f3n del texto aparecido en la p\u00e1gina 14 de la edici\u00f3n de diciembre 2017 de \u201cThe Lunar Observer\u201d Con una colongitud de 145.3\u00ba y muy cerca del terminador (80% de&#8230;<\/p>\n","protected":false},"author":1,"featured_media":3476,"comment_status":"closed","ping_status":"closed","sticky":false,"template":"","format":"standard","meta":{"_eb_attr":"","footnotes":""},"categories":[27],"tags":[],"class_list":["post-3475","post","type-post","status-publish","format-standard","has-post-thumbnail","hentry","category-noticias-de-astronomia","wpcat-27-id"],"_links":{"self":[{"href":"https:\/\/www.oroverde.com.ar\/web\/wp-json\/wp\/v2\/posts\/3475","targetHints":{"allow":["GET"]}}],"collection":[{"href":"https:\/\/www.oroverde.com.ar\/web\/wp-json\/wp\/v2\/posts"}],"about":[{"href":"https:\/\/www.oroverde.com.ar\/web\/wp-json\/wp\/v2\/types\/post"}],"author":[{"embeddable":true,"href":"https:\/\/www.oroverde.com.ar\/web\/wp-json\/wp\/v2\/users\/1"}],"replies":[{"embeddable":true,"href":"https:\/\/www.oroverde.com.ar\/web\/wp-json\/wp\/v2\/comments?post=3475"}],"version-history":[{"count":1,"href":"https:\/\/www.oroverde.com.ar\/web\/wp-json\/wp\/v2\/posts\/3475\/revisions"}],"predecessor-version":[{"id":4086,"href":"https:\/\/www.oroverde.com.ar\/web\/wp-json\/wp\/v2\/posts\/3475\/revisions\/4086"}],"wp:featuredmedia":[{"embeddable":true,"href":"https:\/\/www.oroverde.com.ar\/web\/wp-json\/wp\/v2\/media\/3476"}],"wp:attachment":[{"href":"https:\/\/www.oroverde.com.ar\/web\/wp-json\/wp\/v2\/media?parent=3475"}],"wp:term":[{"taxonomy":"category","embeddable":true,"href":"https:\/\/www.oroverde.com.ar\/web\/wp-json\/wp\/v2\/categories?post=3475"},{"taxonomy":"post_tag","embeddable":true,"href":"https:\/\/www.oroverde.com.ar\/web\/wp-json\/wp\/v2\/tags?post=3475"}],"curies":[{"name":"wp","href":"https:\/\/api.w.org\/{rel}","templated":true}]}}