{"id":558945,"date":"2019-04-13T10:05:50","date_gmt":"2019-04-13T13:05:50","guid":{"rendered":"http:\/\/www.oroverde.com.ar\/web\/?p=558945"},"modified":"2019-04-13T10:05:50","modified_gmt":"2019-04-13T13:05:50","slug":"quinta-edicion-de-himnos-por-la-paz","status":"publish","type":"post","link":"https:\/\/www.oroverde.com.ar\/web\/quinta-edicion-de-himnos-por-la-paz\/","title":{"rendered":"Quinta edici\u00f3n de \u00abHimnos por la paz\u00bb"},"content":{"rendered":"<p style=\"text-align: justify;\"><a href=\"http:\/\/www.oroverde.com.ar\/web\/wp-content\/uploads\/2019\/04\/Himnos-por-la-paz.jpeg\"><img fetchpriority=\"high\" decoding=\"async\" class=\"aligncenter size-full wp-image-558884\" src=\"http:\/\/www.oroverde.com.ar\/web\/wp-content\/uploads\/2019\/04\/Himnos-por-la-paz.jpeg\" alt=\"\" width=\"899\" height=\"1280\" srcset=\"https:\/\/www.oroverde.com.ar\/web\/wp-content\/uploads\/2019\/04\/Himnos-por-la-paz.jpeg 899w, https:\/\/www.oroverde.com.ar\/web\/wp-content\/uploads\/2019\/04\/Himnos-por-la-paz-600x854.jpeg 600w, https:\/\/www.oroverde.com.ar\/web\/wp-content\/uploads\/2019\/04\/Himnos-por-la-paz-211x300.jpeg 211w, https:\/\/www.oroverde.com.ar\/web\/wp-content\/uploads\/2019\/04\/Himnos-por-la-paz-768x1093.jpeg 768w, https:\/\/www.oroverde.com.ar\/web\/wp-content\/uploads\/2019\/04\/Himnos-por-la-paz-719x1024.jpeg 719w\" sizes=\"(max-width: 899px) 100vw, 899px\" \/><\/a><\/p>\n<p style=\"text-align: justify;\">El domingo 28 de abril se realizar\u00e1 la quinta edici\u00f3n de \u00abHimnos por la Paz\u00bb. La jornada ser\u00e1 en el Polideportivo Municipal a partir de las 17 hs.<\/p>\n<p style=\"text-align: justify;\">Actuar\u00e1n La Banda de la Oveja junto a la Banda Roja y el Coro de la Facultad de Ciencia y Tecnolog\u00eda de la UADER. Adem\u00e1s, el cantautor de Concordia Rub\u00e9n Fracalosi le rendir\u00e1 un homenaje al cantautor local Jorge M\u00e9ndez. Habr\u00e1 numerosos artistas invitados, locales y de la regi\u00f3n. La entrada es libre y gratuita.<\/p>\n","protected":false},"excerpt":{"rendered":"<p>El domingo 28 de abril se realizar\u00e1 la quinta edici\u00f3n de \u00abHimnos por la Paz\u00bb. La jornada ser\u00e1 en el Polideportivo Municipal a partir de las 17 hs. Actuar\u00e1n La&#8230;<\/p>\n","protected":false},"author":1,"featured_media":0,"comment_status":"open","ping_status":"closed","sticky":false,"template":"","format":"standard","meta":{"_eb_attr":"","footnotes":""},"categories":[10,5],"tags":[],"class_list":["post-558945","post","type-post","status-publish","format-standard","hentry","category-cultura","category-noticias-municipales","wpcat-10-id","wpcat-5-id"],"_links":{"self":[{"href":"https:\/\/www.oroverde.com.ar\/web\/wp-json\/wp\/v2\/posts\/558945","targetHints":{"allow":["GET"]}}],"collection":[{"href":"https:\/\/www.oroverde.com.ar\/web\/wp-json\/wp\/v2\/posts"}],"about":[{"href":"https:\/\/www.oroverde.com.ar\/web\/wp-json\/wp\/v2\/types\/post"}],"author":[{"embeddable":true,"href":"https:\/\/www.oroverde.com.ar\/web\/wp-json\/wp\/v2\/users\/1"}],"replies":[{"embeddable":true,"href":"https:\/\/www.oroverde.com.ar\/web\/wp-json\/wp\/v2\/comments?post=558945"}],"version-history":[{"count":1,"href":"https:\/\/www.oroverde.com.ar\/web\/wp-json\/wp\/v2\/posts\/558945\/revisions"}],"predecessor-version":[{"id":558946,"href":"https:\/\/www.oroverde.com.ar\/web\/wp-json\/wp\/v2\/posts\/558945\/revisions\/558946"}],"wp:attachment":[{"href":"https:\/\/www.oroverde.com.ar\/web\/wp-json\/wp\/v2\/media?parent=558945"}],"wp:term":[{"taxonomy":"category","embeddable":true,"href":"https:\/\/www.oroverde.com.ar\/web\/wp-json\/wp\/v2\/categories?post=558945"},{"taxonomy":"post_tag","embeddable":true,"href":"https:\/\/www.oroverde.com.ar\/web\/wp-json\/wp\/v2\/tags?post=558945"}],"curies":[{"name":"wp","href":"https:\/\/api.w.org\/{rel}","templated":true}]}}