{"id":564,"date":"2016-07-14T08:28:28","date_gmt":"2016-07-14T11:28:28","guid":{"rendered":"http:\/\/www.oroverde.com.ar\/web\/?p=564"},"modified":"2016-07-16T08:52:55","modified_gmt":"2016-07-16T11:52:55","slug":"fiesta-regional-del-locro","status":"publish","type":"post","link":"https:\/\/www.oroverde.com.ar\/web\/fiesta-regional-del-locro\/","title":{"rendered":"Fiesta Regional del Locro"},"content":{"rendered":"<p style=\"text-align: justify;\">Este domingo 10 de julio se realiz\u00f3 en Oro Verde la primera Fiesta Regional del Lo<a href=\"http:\/\/www.oroverde.com.ar\/web\/wp-content\/uploads\/2016\/07\/13645219_915283958581393_1442103255971655734_n.jpg\" rel=\"attachment wp-att-565\"><img fetchpriority=\"high\" decoding=\"async\" class=\"size-medium wp-image-565 alignleft\" src=\"http:\/\/www.oroverde.com.ar\/web\/wp-content\/uploads\/2016\/07\/13645219_915283958581393_1442103255971655734_n-300x200.jpg\" alt=\"13645219_915283958581393_1442103255971655734_n\" width=\"300\" height=\"200\" srcset=\"https:\/\/www.oroverde.com.ar\/web\/wp-content\/uploads\/2016\/07\/13645219_915283958581393_1442103255971655734_n-300x200.jpg 300w, https:\/\/www.oroverde.com.ar\/web\/wp-content\/uploads\/2016\/07\/13645219_915283958581393_1442103255971655734_n-150x100.jpg 150w, https:\/\/www.oroverde.com.ar\/web\/wp-content\/uploads\/2016\/07\/13645219_915283958581393_1442103255971655734_n-768x512.jpg 768w, https:\/\/www.oroverde.com.ar\/web\/wp-content\/uploads\/2016\/07\/13645219_915283958581393_1442103255971655734_n-850x567.jpg 850w, https:\/\/www.oroverde.com.ar\/web\/wp-content\/uploads\/2016\/07\/13645219_915283958581393_1442103255971655734_n.jpg 960w\" sizes=\"(max-width: 300px) 100vw, 300px\" \/><\/a>cro, con una gran respuesta de p\u00fablico que se acerc\u00f3 a disfrutar de un almuerzo criollo y de los espect\u00e1culos que se presentaron en simult\u00e1neo.<\/p>\n<p style=\"text-align: justify;\">\n<p style=\"text-align: justify;\"><!--more--><\/p>\n<p style=\"text-align: justify;\">Un ambiente festivo se vivi\u00f3 en el Polideportivo Municipal de Oro Verde, donde se vendieron todas las porciones de locro que las instituciones prepararon y tambi\u00e9n funcionaron muy bien las cantinas.<\/p>\n<p style=\"text-align: justify;\"><a href=\"http:\/\/www.oroverde.com.ar\/web\/wp-content\/uploads\/2016\/07\/13590246_915310571912065_710407833071671536_n.jpg\" rel=\"attachment wp-att-567\"><img decoding=\"async\" class=\"size-medium wp-image-567 alignright\" src=\"http:\/\/www.oroverde.com.ar\/web\/wp-content\/uploads\/2016\/07\/13590246_915310571912065_710407833071671536_n-300x225.jpg\" alt=\"13590246_915310571912065_710407833071671536_n\" width=\"300\" height=\"225\" srcset=\"https:\/\/www.oroverde.com.ar\/web\/wp-content\/uploads\/2016\/07\/13590246_915310571912065_710407833071671536_n-300x225.jpg 300w, https:\/\/www.oroverde.com.ar\/web\/wp-content\/uploads\/2016\/07\/13590246_915310571912065_710407833071671536_n-150x113.jpg 150w, https:\/\/www.oroverde.com.ar\/web\/wp-content\/uploads\/2016\/07\/13590246_915310571912065_710407833071671536_n-768x576.jpg 768w, https:\/\/www.oroverde.com.ar\/web\/wp-content\/uploads\/2016\/07\/13590246_915310571912065_710407833071671536_n-850x638.jpg 850w, https:\/\/www.oroverde.com.ar\/web\/wp-content\/uploads\/2016\/07\/13590246_915310571912065_710407833071671536_n-480x360.jpg 480w, https:\/\/www.oroverde.com.ar\/web\/wp-content\/uploads\/2016\/07\/13590246_915310571912065_710407833071671536_n.jpg 960w\" sizes=\"(max-width: 300px) 100vw, 300px\" \/><\/a><\/p>\n<p style=\"text-align: justify;\">Mientras, en el escenario, los artistas del Movimiento Entrerriano \u00abDe Costa a Costa\u00bb, encabezados por Guillermo Lugr\u00edn, y Juli\u00e1n Langoni, llenaban de m\u00fasica el predio. Jorge M\u00e9ndez se present\u00f3 m\u00e1s tarde con un repertorio de sus canciones m\u00e1s populares, entre los aplausos del p\u00fablico. Tambi\u00e9n hubo color y movimiento de la mano del Ballet Folkl\u00f3rico Municipal y el ballet \u00abHerencias Alemanas\u00bb, de Aranguren.<\/p>\n<p style=\"text-align: justify;\"><a href=\"http:\/\/www.oroverde.com.ar\/web\/wp-content\/uploads\/2016\/07\/13645219_915283515248104_1444072565334407173_n.jpg\" rel=\"attachment wp-att-566\"><img decoding=\"async\" class=\"size-medium wp-image-566 alignleft\" src=\"http:\/\/www.oroverde.com.ar\/web\/wp-content\/uploads\/2016\/07\/13645219_915283515248104_1444072565334407173_n-300x200.jpg\" alt=\"13645219_915283515248104_1444072565334407173_n\" width=\"300\" height=\"200\" srcset=\"https:\/\/www.oroverde.com.ar\/web\/wp-content\/uploads\/2016\/07\/13645219_915283515248104_1444072565334407173_n-300x200.jpg 300w, https:\/\/www.oroverde.com.ar\/web\/wp-content\/uploads\/2016\/07\/13645219_915283515248104_1444072565334407173_n-150x100.jpg 150w, https:\/\/www.oroverde.com.ar\/web\/wp-content\/uploads\/2016\/07\/13645219_915283515248104_1444072565334407173_n-768x512.jpg 768w, https:\/\/www.oroverde.com.ar\/web\/wp-content\/uploads\/2016\/07\/13645219_915283515248104_1444072565334407173_n-850x567.jpg 850w, https:\/\/www.oroverde.com.ar\/web\/wp-content\/uploads\/2016\/07\/13645219_915283515248104_1444072565334407173_n.jpg 960w\" sizes=\"(max-width: 300px) 100vw, 300px\" \/><\/a><\/p>\n<p style=\"text-align: justify;\">Participaron de la organizaci\u00f3n, adem\u00e1s del Municipio; el Club Atl\u00e9tico Oro Verde, Centro de Jubilados y Pensionados de Oro Verde, las cooperadoras de la Escuela N\u00b020 \u00abRosario Vera Pe\u00f1aloza\u00bb y del Departamento de Aplicaci\u00f3n \u00abAlfredo Alfonsini\u00bb, Comparsa \u00abEstrella de Oro\u00bb, Agrupaci\u00f3n Tradicionalista \u00abEl Nochero\u00bb, Agrupaci\u00f3n Tradicionalista \u00abOro Verde\u00bb y la Agrupaci\u00f3n Pro Corsos \u00abLocos Amigos\u00bb.<\/p>\n<p style=\"text-align: justify;\"><a href=\"http:\/\/www.oroverde.com.ar\/web\/wp-content\/uploads\/2016\/07\/13631522_915284095248046_3298126826130302408_n.jpg\" rel=\"attachment wp-att-568\"><img loading=\"lazy\" decoding=\"async\" class=\"size-medium wp-image-568 aligncenter\" src=\"http:\/\/www.oroverde.com.ar\/web\/wp-content\/uploads\/2016\/07\/13631522_915284095248046_3298126826130302408_n-300x200.jpg\" alt=\"13631522_915284095248046_3298126826130302408_n\" width=\"300\" height=\"200\" srcset=\"https:\/\/www.oroverde.com.ar\/web\/wp-content\/uploads\/2016\/07\/13631522_915284095248046_3298126826130302408_n-300x200.jpg 300w, https:\/\/www.oroverde.com.ar\/web\/wp-content\/uploads\/2016\/07\/13631522_915284095248046_3298126826130302408_n-150x100.jpg 150w, https:\/\/www.oroverde.com.ar\/web\/wp-content\/uploads\/2016\/07\/13631522_915284095248046_3298126826130302408_n-768x512.jpg 768w, https:\/\/www.oroverde.com.ar\/web\/wp-content\/uploads\/2016\/07\/13631522_915284095248046_3298126826130302408_n-850x567.jpg 850w, https:\/\/www.oroverde.com.ar\/web\/wp-content\/uploads\/2016\/07\/13631522_915284095248046_3298126826130302408_n.jpg 960w\" sizes=\"(max-width: 300px) 100vw, 300px\" \/><\/a><\/p>\n<p>Fuente: Municipio de Oro Verde<\/p>\n","protected":false},"excerpt":{"rendered":"<p>Este domingo 10 de julio se realiz\u00f3 en Oro Verde la primera Fiesta Regional del Locro, con una gran respuesta de p\u00fablico que se acerc\u00f3 a disfrutar de un almuerzo&#8230;<\/p>\n","protected":false},"author":2,"featured_media":0,"comment_status":"open","ping_status":"closed","sticky":false,"template":"","format":"standard","meta":{"_eb_attr":"","footnotes":""},"categories":[1],"tags":[],"class_list":["post-564","post","type-post","status-publish","format-standard","hentry","category-noticias","wpcat-1-id"],"_links":{"self":[{"href":"https:\/\/www.oroverde.com.ar\/web\/wp-json\/wp\/v2\/posts\/564","targetHints":{"allow":["GET"]}}],"collection":[{"href":"https:\/\/www.oroverde.com.ar\/web\/wp-json\/wp\/v2\/posts"}],"about":[{"href":"https:\/\/www.oroverde.com.ar\/web\/wp-json\/wp\/v2\/types\/post"}],"author":[{"embeddable":true,"href":"https:\/\/www.oroverde.com.ar\/web\/wp-json\/wp\/v2\/users\/2"}],"replies":[{"embeddable":true,"href":"https:\/\/www.oroverde.com.ar\/web\/wp-json\/wp\/v2\/comments?post=564"}],"version-history":[{"count":2,"href":"https:\/\/www.oroverde.com.ar\/web\/wp-json\/wp\/v2\/posts\/564\/revisions"}],"predecessor-version":[{"id":574,"href":"https:\/\/www.oroverde.com.ar\/web\/wp-json\/wp\/v2\/posts\/564\/revisions\/574"}],"wp:attachment":[{"href":"https:\/\/www.oroverde.com.ar\/web\/wp-json\/wp\/v2\/media?parent=564"}],"wp:term":[{"taxonomy":"category","embeddable":true,"href":"https:\/\/www.oroverde.com.ar\/web\/wp-json\/wp\/v2\/categories?post=564"},{"taxonomy":"post_tag","embeddable":true,"href":"https:\/\/www.oroverde.com.ar\/web\/wp-json\/wp\/v2\/tags?post=564"}],"curies":[{"name":"wp","href":"https:\/\/api.w.org\/{rel}","templated":true}]}}