{"id":619247,"date":"2019-05-27T15:33:25","date_gmt":"2019-05-27T18:33:25","guid":{"rendered":"http:\/\/www.oroverde.com.ar\/web\/?p=619247"},"modified":"2019-05-27T15:33:25","modified_gmt":"2019-05-27T18:33:25","slug":"asfalto-en-avenida-los-eucaliptos","status":"publish","type":"post","link":"https:\/\/www.oroverde.com.ar\/web\/asfalto-en-avenida-los-eucaliptos\/","title":{"rendered":"Asfalto en Avenida Los Eucaliptos"},"content":{"rendered":"<p style=\"text-align: justify;\"><a href=\"http:\/\/www.oroverde.com.ar\/web\/wp-content\/uploads\/2019\/05\/Asfalto-en-Av.-Los-Eucaliptos.jpeg\"><img fetchpriority=\"high\" decoding=\"async\" class=\"size-full wp-image-619243\" src=\"http:\/\/www.oroverde.com.ar\/web\/wp-content\/uploads\/2019\/05\/Asfalto-en-Av.-Los-Eucaliptos.jpeg\" alt=\"\" width=\"1280\" height=\"960\" srcset=\"https:\/\/www.oroverde.com.ar\/web\/wp-content\/uploads\/2019\/05\/Asfalto-en-Av.-Los-Eucaliptos.jpeg 1280w, https:\/\/www.oroverde.com.ar\/web\/wp-content\/uploads\/2019\/05\/Asfalto-en-Av.-Los-Eucaliptos-600x450.jpeg 600w, https:\/\/www.oroverde.com.ar\/web\/wp-content\/uploads\/2019\/05\/Asfalto-en-Av.-Los-Eucaliptos-300x225.jpeg 300w, https:\/\/www.oroverde.com.ar\/web\/wp-content\/uploads\/2019\/05\/Asfalto-en-Av.-Los-Eucaliptos-768x576.jpeg 768w, https:\/\/www.oroverde.com.ar\/web\/wp-content\/uploads\/2019\/05\/Asfalto-en-Av.-Los-Eucaliptos-1024x768.jpeg 1024w\" sizes=\"(max-width: 1280px) 100vw, 1280px\" \/><\/a><\/p>\n<p style=\"text-align: justify;\"><strong>Oro Verde, 26 de mayo de 2019.<\/strong> Se realizan trabajos de asfaltado en Avenida Los Eucaliptos. Circular con precauci\u00f3n<\/p>\n<p><!--more--><\/p>\n<p>Hace poco m\u00e1s de 10 d\u00edas, la empresa que realiza el asfalto Oro Verde \u2013 Tezanos Pinto, Luis Lossi SA, comenz\u00f3 con la repavimentaci\u00f3n de Av. Los Eucaliptos. La obra consiste en la reconstrucci\u00f3n de la calzada y una completa iluminaci\u00f3n con luces Led.<\/p>\n<p>Durante el tiempo que se encuentran trabajando, retiraron la capa asf\u00e1ltica existente, construyeron una nueva base y est\u00e1n repavimentando completamente desde la Ruta 11 a la intersecci\u00f3n con Los Cisnes. Posteriormente colocar\u00e1n iluminaci\u00f3n led con columnas dobles. Cabe recordar que en el per\u00edodo de tiempo que abarque la obra se ver\u00e1 restringido el tr\u00e1nsito en Av. Los Eucaliptos, lo que presentar\u00e1 inconvenientes en el tr\u00e1nsito y desv\u00edos.<\/p>\n<p>&nbsp;<\/p>\n","protected":false},"excerpt":{"rendered":"<p>Oro Verde, 26 de mayo de 2019. Se realizan trabajos de asfaltado en Avenida Los Eucaliptos. Circular con precauci\u00f3n<\/p>\n","protected":false},"author":1,"featured_media":0,"comment_status":"open","ping_status":"closed","sticky":false,"template":"","format":"standard","meta":{"_eb_attr":"","footnotes":""},"categories":[5],"tags":[],"class_list":["post-619247","post","type-post","status-publish","format-standard","hentry","category-noticias-municipales","wpcat-5-id"],"_links":{"self":[{"href":"https:\/\/www.oroverde.com.ar\/web\/wp-json\/wp\/v2\/posts\/619247","targetHints":{"allow":["GET"]}}],"collection":[{"href":"https:\/\/www.oroverde.com.ar\/web\/wp-json\/wp\/v2\/posts"}],"about":[{"href":"https:\/\/www.oroverde.com.ar\/web\/wp-json\/wp\/v2\/types\/post"}],"author":[{"embeddable":true,"href":"https:\/\/www.oroverde.com.ar\/web\/wp-json\/wp\/v2\/users\/1"}],"replies":[{"embeddable":true,"href":"https:\/\/www.oroverde.com.ar\/web\/wp-json\/wp\/v2\/comments?post=619247"}],"version-history":[{"count":1,"href":"https:\/\/www.oroverde.com.ar\/web\/wp-json\/wp\/v2\/posts\/619247\/revisions"}],"predecessor-version":[{"id":619248,"href":"https:\/\/www.oroverde.com.ar\/web\/wp-json\/wp\/v2\/posts\/619247\/revisions\/619248"}],"wp:attachment":[{"href":"https:\/\/www.oroverde.com.ar\/web\/wp-json\/wp\/v2\/media?parent=619247"}],"wp:term":[{"taxonomy":"category","embeddable":true,"href":"https:\/\/www.oroverde.com.ar\/web\/wp-json\/wp\/v2\/categories?post=619247"},{"taxonomy":"post_tag","embeddable":true,"href":"https:\/\/www.oroverde.com.ar\/web\/wp-json\/wp\/v2\/tags?post=619247"}],"curies":[{"name":"wp","href":"https:\/\/api.w.org\/{rel}","templated":true}]}}