{"id":619249,"date":"2019-05-27T15:35:56","date_gmt":"2019-05-27T18:35:56","guid":{"rendered":"http:\/\/www.oroverde.com.ar\/web\/?p=619249"},"modified":"2019-05-27T15:35:56","modified_gmt":"2019-05-27T18:35:56","slug":"refuncionalizacion-del-salon-comunitario-de-barrio-el-triangular","status":"publish","type":"post","link":"https:\/\/www.oroverde.com.ar\/web\/refuncionalizacion-del-salon-comunitario-de-barrio-el-triangular\/","title":{"rendered":"Refuncionalizaci\u00f3n del Sal\u00f3n Comunitario de Barrio El Triangular"},"content":{"rendered":"<p><a href=\"http:\/\/www.oroverde.com.ar\/web\/wp-content\/uploads\/2019\/05\/Sal\u00f3n-Comunitario-El-Triangular.jpeg\"><img fetchpriority=\"high\" decoding=\"async\" class=\"aligncenter size-full wp-image-619245\" src=\"http:\/\/www.oroverde.com.ar\/web\/wp-content\/uploads\/2019\/05\/Sal\u00f3n-Comunitario-El-Triangular.jpeg\" alt=\"\" width=\"1280\" height=\"853\" srcset=\"https:\/\/www.oroverde.com.ar\/web\/wp-content\/uploads\/2019\/05\/Sal\u00f3n-Comunitario-El-Triangular.jpeg 1280w, https:\/\/www.oroverde.com.ar\/web\/wp-content\/uploads\/2019\/05\/Sal\u00f3n-Comunitario-El-Triangular-600x400.jpeg 600w, https:\/\/www.oroverde.com.ar\/web\/wp-content\/uploads\/2019\/05\/Sal\u00f3n-Comunitario-El-Triangular-300x200.jpeg 300w, https:\/\/www.oroverde.com.ar\/web\/wp-content\/uploads\/2019\/05\/Sal\u00f3n-Comunitario-El-Triangular-768x512.jpeg 768w, https:\/\/www.oroverde.com.ar\/web\/wp-content\/uploads\/2019\/05\/Sal\u00f3n-Comunitario-El-Triangular-1024x682.jpeg 1024w\" sizes=\"(max-width: 1280px) 100vw, 1280px\" \/><\/a>Contin\u00faa la refuncionalizaci\u00f3n del Sal\u00f3n Comunitario de El Triangular que centralizar\u00e1 en esa sede los talleres de oficios municipales. Ya est\u00e1 lista la nueva instalaci\u00f3n el\u00e9ctrica que se adapt\u00f3 completamente, y pr\u00f3ximamente se har\u00e1n las terminaciones y pintura. Parte de ellas ser\u00e1n realizadas por los alumnos del taller de durlock que comenzar\u00e1 en junio.<\/p>\n<p><!--more--><\/p>\n<p style=\"text-align: justify;\">La obra comenz\u00f3 con un sistema de aislamiento del techo mediante un producto amigable con el ambiente; se coloc\u00f3 el cielo raso, una nueva iluminaci\u00f3n de bajo consumo, y se construy\u00f3 un aula en el entrepiso. El sal\u00f3n se podr\u00e1 seguir utilizando como espacio comunitario, pero con mejores condiciones y equipamientos, ya que contar\u00e1 con calefacci\u00f3n y aire acondicionado.<\/p>\n","protected":false},"excerpt":{"rendered":"<p>Contin\u00faa la refuncionalizaci\u00f3n del Sal\u00f3n Comunitario de El Triangular que centralizar\u00e1 en esa sede los talleres de oficios municipales. Ya est\u00e1 lista la nueva instalaci\u00f3n el\u00e9ctrica que se adapt\u00f3 completamente,&#8230;<\/p>\n","protected":false},"author":1,"featured_media":0,"comment_status":"open","ping_status":"closed","sticky":false,"template":"","format":"standard","meta":{"_eb_attr":"","footnotes":""},"categories":[5],"tags":[],"class_list":["post-619249","post","type-post","status-publish","format-standard","hentry","category-noticias-municipales","wpcat-5-id"],"_links":{"self":[{"href":"https:\/\/www.oroverde.com.ar\/web\/wp-json\/wp\/v2\/posts\/619249","targetHints":{"allow":["GET"]}}],"collection":[{"href":"https:\/\/www.oroverde.com.ar\/web\/wp-json\/wp\/v2\/posts"}],"about":[{"href":"https:\/\/www.oroverde.com.ar\/web\/wp-json\/wp\/v2\/types\/post"}],"author":[{"embeddable":true,"href":"https:\/\/www.oroverde.com.ar\/web\/wp-json\/wp\/v2\/users\/1"}],"replies":[{"embeddable":true,"href":"https:\/\/www.oroverde.com.ar\/web\/wp-json\/wp\/v2\/comments?post=619249"}],"version-history":[{"count":1,"href":"https:\/\/www.oroverde.com.ar\/web\/wp-json\/wp\/v2\/posts\/619249\/revisions"}],"predecessor-version":[{"id":619250,"href":"https:\/\/www.oroverde.com.ar\/web\/wp-json\/wp\/v2\/posts\/619249\/revisions\/619250"}],"wp:attachment":[{"href":"https:\/\/www.oroverde.com.ar\/web\/wp-json\/wp\/v2\/media?parent=619249"}],"wp:term":[{"taxonomy":"category","embeddable":true,"href":"https:\/\/www.oroverde.com.ar\/web\/wp-json\/wp\/v2\/categories?post=619249"},{"taxonomy":"post_tag","embeddable":true,"href":"https:\/\/www.oroverde.com.ar\/web\/wp-json\/wp\/v2\/tags?post=619249"}],"curies":[{"name":"wp","href":"https:\/\/api.w.org\/{rel}","templated":true}]}}