{"id":619280,"date":"2019-06-04T21:22:58","date_gmt":"2019-06-05T00:22:58","guid":{"rendered":"http:\/\/www.oroverde.com.ar\/web\/?p=619280"},"modified":"2019-06-04T21:22:58","modified_gmt":"2019-06-05T00:22:58","slug":"jardineritos-visitaron-la-biblioteca-popular-encuentros","status":"publish","type":"post","link":"https:\/\/www.oroverde.com.ar\/web\/jardineritos-visitaron-la-biblioteca-popular-encuentros\/","title":{"rendered":"Jardineritos visitaron la Biblioteca Popular \u00abEncuentros\u00bb"},"content":{"rendered":"<p><a href=\"http:\/\/www.oroverde.com.ar\/web\/wp-content\/uploads\/2019\/06\/Visita-Jardineros-2-Large.jpg\"><img fetchpriority=\"high\" decoding=\"async\" class=\"aligncenter size-full wp-image-619274\" src=\"http:\/\/www.oroverde.com.ar\/web\/wp-content\/uploads\/2019\/06\/Visita-Jardineros-2-Large.jpg\" alt=\"\" width=\"1620\" height=\"1080\" srcset=\"https:\/\/www.oroverde.com.ar\/web\/wp-content\/uploads\/2019\/06\/Visita-Jardineros-2-Large.jpg 1620w, https:\/\/www.oroverde.com.ar\/web\/wp-content\/uploads\/2019\/06\/Visita-Jardineros-2-Large-600x400.jpg 600w, https:\/\/www.oroverde.com.ar\/web\/wp-content\/uploads\/2019\/06\/Visita-Jardineros-2-Large-300x200.jpg 300w, https:\/\/www.oroverde.com.ar\/web\/wp-content\/uploads\/2019\/06\/Visita-Jardineros-2-Large-768x512.jpg 768w, https:\/\/www.oroverde.com.ar\/web\/wp-content\/uploads\/2019\/06\/Visita-Jardineros-2-Large-1024x683.jpg 1024w\" sizes=\"(max-width: 1620px) 100vw, 1620px\" \/><\/a>Jardineritos de las salas de 4 y 5 a\u00f1os del Departamento de Aplicaci\u00f3n \u00abAlfredo Alfonsini\u00bb visitaron la Biblioteca Popular \u00abEncuentros\u00bb. All\u00ed, se leyeron cuentos y con gran entusiasmo, los ni\u00f1os y ni\u00f1as junto a sus maestras recorrieron cada espacio, observaron las diversas secciones de libros, revistas, manuales y folletos, compartiendo una jornada diferente.<\/p>\n<p><!--more--><\/p>\n<p>Adem\u00e1s, visitaron el Municipio local donde fueron recibidos por el intendente Jos\u00e9 Luis Dum\u00e9, quien salud\u00f3 a los jardineritos. Al finalizar este encuentro, se les obsequi\u00f3 una sorpresita con alimentos saludables y un librito did\u00e1ctico para colorear sobre el cultivo y cuidados de huertas que utilizar\u00e1n para trabajar en clase.<\/p>\n","protected":false},"excerpt":{"rendered":"<p>Jardineritos de las salas de 4 y 5 a\u00f1os del Departamento de Aplicaci\u00f3n \u00abAlfredo Alfonsini\u00bb visitaron la Biblioteca Popular \u00abEncuentros\u00bb. All\u00ed, se leyeron cuentos y con gran entusiasmo, los ni\u00f1os&#8230;<\/p>\n","protected":false},"author":1,"featured_media":0,"comment_status":"open","ping_status":"closed","sticky":false,"template":"","format":"standard","meta":{"_eb_attr":"","footnotes":""},"categories":[10,5],"tags":[],"class_list":["post-619280","post","type-post","status-publish","format-standard","hentry","category-cultura","category-noticias-municipales","wpcat-10-id","wpcat-5-id"],"_links":{"self":[{"href":"https:\/\/www.oroverde.com.ar\/web\/wp-json\/wp\/v2\/posts\/619280","targetHints":{"allow":["GET"]}}],"collection":[{"href":"https:\/\/www.oroverde.com.ar\/web\/wp-json\/wp\/v2\/posts"}],"about":[{"href":"https:\/\/www.oroverde.com.ar\/web\/wp-json\/wp\/v2\/types\/post"}],"author":[{"embeddable":true,"href":"https:\/\/www.oroverde.com.ar\/web\/wp-json\/wp\/v2\/users\/1"}],"replies":[{"embeddable":true,"href":"https:\/\/www.oroverde.com.ar\/web\/wp-json\/wp\/v2\/comments?post=619280"}],"version-history":[{"count":1,"href":"https:\/\/www.oroverde.com.ar\/web\/wp-json\/wp\/v2\/posts\/619280\/revisions"}],"predecessor-version":[{"id":619281,"href":"https:\/\/www.oroverde.com.ar\/web\/wp-json\/wp\/v2\/posts\/619280\/revisions\/619281"}],"wp:attachment":[{"href":"https:\/\/www.oroverde.com.ar\/web\/wp-json\/wp\/v2\/media?parent=619280"}],"wp:term":[{"taxonomy":"category","embeddable":true,"href":"https:\/\/www.oroverde.com.ar\/web\/wp-json\/wp\/v2\/categories?post=619280"},{"taxonomy":"post_tag","embeddable":true,"href":"https:\/\/www.oroverde.com.ar\/web\/wp-json\/wp\/v2\/tags?post=619280"}],"curies":[{"name":"wp","href":"https:\/\/api.w.org\/{rel}","templated":true}]}}