{"id":619296,"date":"2019-06-07T17:24:10","date_gmt":"2019-06-07T20:24:10","guid":{"rendered":"http:\/\/www.oroverde.com.ar\/web\/?p=619296"},"modified":"2019-06-07T17:24:10","modified_gmt":"2019-06-07T20:24:10","slug":"nueva-jornada-de-esterilizacion-de-animales-domesticos","status":"publish","type":"post","link":"https:\/\/www.oroverde.com.ar\/web\/nueva-jornada-de-esterilizacion-de-animales-domesticos\/","title":{"rendered":"Nueva jornada de esterilizaci\u00f3n de animales dom\u00e9sticos"},"content":{"rendered":"<p style=\"text-align: justify;\"><a href=\"http:\/\/www.oroverde.com.ar\/web\/wp-content\/uploads\/2019\/06\/Castraci\u00f3n.jpg\"><img fetchpriority=\"high\" decoding=\"async\" class=\"aligncenter size-full wp-image-619285\" src=\"http:\/\/www.oroverde.com.ar\/web\/wp-content\/uploads\/2019\/06\/Castraci\u00f3n.jpg\" alt=\"\" width=\"960\" height=\"720\" srcset=\"https:\/\/www.oroverde.com.ar\/web\/wp-content\/uploads\/2019\/06\/Castraci\u00f3n.jpg 960w, https:\/\/www.oroverde.com.ar\/web\/wp-content\/uploads\/2019\/06\/Castraci\u00f3n-600x450.jpg 600w, https:\/\/www.oroverde.com.ar\/web\/wp-content\/uploads\/2019\/06\/Castraci\u00f3n-300x225.jpg 300w, https:\/\/www.oroverde.com.ar\/web\/wp-content\/uploads\/2019\/06\/Castraci\u00f3n-768x576.jpg 768w\" sizes=\"(max-width: 960px) 100vw, 960px\" \/><\/a>Como parte del Programa de Tenencia Responsable de Animales de Compa\u00f1\u00eda, el Municipio de Oro Verde y la Asociaci\u00f3n Amigos de los Animales har\u00e1n una nueva jornada de esterilizaci\u00f3n el s\u00e1bado 15 de junio. Los turnos deber\u00e1n pedirse al tel\u00e9fono de Mesa de Entradas del Municipio, 4975000 \/ 4975221 Int: 118 en el horario de 7 a 13. Tambi\u00e9n podr\u00e1n solicitarse en el 4975049 (Familia Ronchi) s\u00f3lo en horario de comercio.<\/p>\n<p style=\"text-align: justify;\"><!--more--><\/p>\n<p style=\"text-align: justify;\">Cabe recordar que las castraciones tienen un costo m\u00ednimo y que los animales deben tener ayuno de comida y agua desde la noche anterior (8 horas). Adem\u00e1s, las esterilizaciones pueden hacerse desde los 5 o 6 meses de vida de los animales, no es necesario que hayan tenido cr\u00eda anteriormente y es importante castrar a los machos para evitar marcaje y que puedan lastimarse por los comportamientos agresivos durante el celo.<\/p>\n","protected":false},"excerpt":{"rendered":"<p>Como parte del Programa de Tenencia Responsable de Animales de Compa\u00f1\u00eda, el Municipio de Oro Verde y la Asociaci\u00f3n Amigos de los Animales har\u00e1n una nueva jornada de esterilizaci\u00f3n el&#8230;<\/p>\n","protected":false},"author":1,"featured_media":0,"comment_status":"open","ping_status":"closed","sticky":false,"template":"","format":"standard","meta":{"_eb_attr":"","footnotes":""},"categories":[29,5],"tags":[],"class_list":["post-619296","post","type-post","status-publish","format-standard","hentry","category-mascotas","category-noticias-municipales","wpcat-29-id","wpcat-5-id"],"_links":{"self":[{"href":"https:\/\/www.oroverde.com.ar\/web\/wp-json\/wp\/v2\/posts\/619296","targetHints":{"allow":["GET"]}}],"collection":[{"href":"https:\/\/www.oroverde.com.ar\/web\/wp-json\/wp\/v2\/posts"}],"about":[{"href":"https:\/\/www.oroverde.com.ar\/web\/wp-json\/wp\/v2\/types\/post"}],"author":[{"embeddable":true,"href":"https:\/\/www.oroverde.com.ar\/web\/wp-json\/wp\/v2\/users\/1"}],"replies":[{"embeddable":true,"href":"https:\/\/www.oroverde.com.ar\/web\/wp-json\/wp\/v2\/comments?post=619296"}],"version-history":[{"count":1,"href":"https:\/\/www.oroverde.com.ar\/web\/wp-json\/wp\/v2\/posts\/619296\/revisions"}],"predecessor-version":[{"id":619297,"href":"https:\/\/www.oroverde.com.ar\/web\/wp-json\/wp\/v2\/posts\/619296\/revisions\/619297"}],"wp:attachment":[{"href":"https:\/\/www.oroverde.com.ar\/web\/wp-json\/wp\/v2\/media?parent=619296"}],"wp:term":[{"taxonomy":"category","embeddable":true,"href":"https:\/\/www.oroverde.com.ar\/web\/wp-json\/wp\/v2\/categories?post=619296"},{"taxonomy":"post_tag","embeddable":true,"href":"https:\/\/www.oroverde.com.ar\/web\/wp-json\/wp\/v2\/tags?post=619296"}],"curies":[{"name":"wp","href":"https:\/\/api.w.org\/{rel}","templated":true}]}}