{"id":619315,"date":"2019-06-15T20:41:46","date_gmt":"2019-06-15T23:41:46","guid":{"rendered":"http:\/\/www.oroverde.com.ar\/web\/?p=619315"},"modified":"2019-06-15T20:41:46","modified_gmt":"2019-06-15T23:41:46","slug":"fiesta-del-locro-2019-6-y-7-de-julio","status":"publish","type":"post","link":"https:\/\/www.oroverde.com.ar\/web\/fiesta-del-locro-2019-6-y-7-de-julio\/","title":{"rendered":"Fiesta del locro 2019 &#8211; 6 y 7 de julio"},"content":{"rendered":"<p><a href=\"http:\/\/www.oroverde.com.ar\/web\/wp-content\/uploads\/2019\/06\/Fiesta-del-Locro.jpg\"><img fetchpriority=\"high\" decoding=\"async\" class=\"aligncenter size-full wp-image-619307\" src=\"http:\/\/www.oroverde.com.ar\/web\/wp-content\/uploads\/2019\/06\/Fiesta-del-Locro.jpg\" alt=\"\" width=\"1944\" height=\"1296\" srcset=\"https:\/\/www.oroverde.com.ar\/web\/wp-content\/uploads\/2019\/06\/Fiesta-del-Locro.jpg 1944w, https:\/\/www.oroverde.com.ar\/web\/wp-content\/uploads\/2019\/06\/Fiesta-del-Locro-600x400.jpg 600w, https:\/\/www.oroverde.com.ar\/web\/wp-content\/uploads\/2019\/06\/Fiesta-del-Locro-300x200.jpg 300w, https:\/\/www.oroverde.com.ar\/web\/wp-content\/uploads\/2019\/06\/Fiesta-del-Locro-768x512.jpg 768w, https:\/\/www.oroverde.com.ar\/web\/wp-content\/uploads\/2019\/06\/Fiesta-del-Locro-1024x683.jpg 1024w\" sizes=\"(max-width: 1944px) 100vw, 1944px\" \/><\/a><span lang=\"es-ES\">La IV Fiesta Regional del Locro ya tiene fecha: ser\u00e1 el 6 y 7 de julio. Presentar\u00e1 una variada cartelera de espect\u00e1culos que incluir\u00e1 a prestigiosos artistas locales y a la Delegaci\u00f3n Oficial de Entre R\u00edos que particip\u00f3 en Cosqu\u00edn. El martes se realizar\u00e1 una reuni\u00f3n organizativa con las instituciones locales para coordinar los diferentes aspectos de la fiesta.<\/span><\/p>\n<p><!--more--><\/p>\n<p style=\"text-align: justify;\"><span lang=\"es-ES\">Como todos los a\u00f1os, tendr\u00e1 lugar en una carpa ubicada en la intersecci\u00f3n de Los Sauces y Los Tordos, el s\u00e1bado 6 y el domingo 7 de julio. Ser\u00e1n dos noches donde, adem\u00e1s de la oferta gastron\u00f3mica que tendr\u00e1 su punto central el domingo con el gran almuerzo criollo, se presentar\u00e1n sobre el escenario artistas locales que representar\u00e1n a Oro Verde, junto a n\u00fameros que prestigian el evento como la delegaci\u00f3n de artistas que compitieron en el Festival de Cosqu\u00edn este a\u00f1o. La novedad en la cartelera tiene que ver con la incorporaci\u00f3n de un n\u00famero de m\u00fasica tropical para bailar.<\/span><\/p>\n<p style=\"text-align: justify;\"><span lang=\"es-ES\">En cuanto a los costos de la entrada y la porci\u00f3n de locro, se confirmar\u00e1n los pr\u00f3ximos d\u00edas, luego de acordar estos y otros aspectos con las instituciones locales que participar\u00e1n.<\/span><\/p>\n","protected":false},"excerpt":{"rendered":"<p>La IV Fiesta Regional del Locro ya tiene fecha: ser\u00e1 el 6 y 7 de julio. Presentar\u00e1 una variada cartelera de espect\u00e1culos que incluir\u00e1 a prestigiosos artistas locales y a&#8230;<\/p>\n","protected":false},"author":1,"featured_media":0,"comment_status":"open","ping_status":"closed","sticky":false,"template":"","format":"standard","meta":{"_eb_attr":"","footnotes":""},"categories":[10,7],"tags":[],"class_list":["post-619315","post","type-post","status-publish","format-standard","hentry","category-cultura","category-turismo","wpcat-10-id","wpcat-7-id"],"_links":{"self":[{"href":"https:\/\/www.oroverde.com.ar\/web\/wp-json\/wp\/v2\/posts\/619315","targetHints":{"allow":["GET"]}}],"collection":[{"href":"https:\/\/www.oroverde.com.ar\/web\/wp-json\/wp\/v2\/posts"}],"about":[{"href":"https:\/\/www.oroverde.com.ar\/web\/wp-json\/wp\/v2\/types\/post"}],"author":[{"embeddable":true,"href":"https:\/\/www.oroverde.com.ar\/web\/wp-json\/wp\/v2\/users\/1"}],"replies":[{"embeddable":true,"href":"https:\/\/www.oroverde.com.ar\/web\/wp-json\/wp\/v2\/comments?post=619315"}],"version-history":[{"count":1,"href":"https:\/\/www.oroverde.com.ar\/web\/wp-json\/wp\/v2\/posts\/619315\/revisions"}],"predecessor-version":[{"id":619316,"href":"https:\/\/www.oroverde.com.ar\/web\/wp-json\/wp\/v2\/posts\/619315\/revisions\/619316"}],"wp:attachment":[{"href":"https:\/\/www.oroverde.com.ar\/web\/wp-json\/wp\/v2\/media?parent=619315"}],"wp:term":[{"taxonomy":"category","embeddable":true,"href":"https:\/\/www.oroverde.com.ar\/web\/wp-json\/wp\/v2\/categories?post=619315"},{"taxonomy":"post_tag","embeddable":true,"href":"https:\/\/www.oroverde.com.ar\/web\/wp-json\/wp\/v2\/tags?post=619315"}],"curies":[{"name":"wp","href":"https:\/\/api.w.org\/{rel}","templated":true}]}}