{"id":619329,"date":"2019-06-22T07:49:12","date_gmt":"2019-06-22T10:49:12","guid":{"rendered":"http:\/\/www.oroverde.com.ar\/web\/?p=619329"},"modified":"2019-06-22T07:49:12","modified_gmt":"2019-06-22T10:49:12","slug":"6-y-7-de-julio-sera-la-iv-fiesta-regional-del-locro-en-oro-verde","status":"publish","type":"post","link":"https:\/\/www.oroverde.com.ar\/web\/6-y-7-de-julio-sera-la-iv-fiesta-regional-del-locro-en-oro-verde\/","title":{"rendered":"6 y 7 de julio ser\u00e1 la IV Fiesta Regional del Locro en Oro Verde"},"content":{"rendered":"<p align=\"justify\"><a href=\"http:\/\/www.oroverde.com.ar\/web\/wp-content\/uploads\/2019\/06\/Fiesta-del-Locro-D\u00eda-3-3.jpg\"><img fetchpriority=\"high\" decoding=\"async\" class=\"aligncenter size-full wp-image-619322\" src=\"http:\/\/www.oroverde.com.ar\/web\/wp-content\/uploads\/2019\/06\/Fiesta-del-Locro-D\u00eda-3-3.jpg\" alt=\"\" width=\"1649\" height=\"1100\" srcset=\"https:\/\/www.oroverde.com.ar\/web\/wp-content\/uploads\/2019\/06\/Fiesta-del-Locro-D\u00eda-3-3.jpg 1649w, https:\/\/www.oroverde.com.ar\/web\/wp-content\/uploads\/2019\/06\/Fiesta-del-Locro-D\u00eda-3-3-600x400.jpg 600w, https:\/\/www.oroverde.com.ar\/web\/wp-content\/uploads\/2019\/06\/Fiesta-del-Locro-D\u00eda-3-3-300x200.jpg 300w, https:\/\/www.oroverde.com.ar\/web\/wp-content\/uploads\/2019\/06\/Fiesta-del-Locro-D\u00eda-3-3-768x512.jpg 768w, https:\/\/www.oroverde.com.ar\/web\/wp-content\/uploads\/2019\/06\/Fiesta-del-Locro-D\u00eda-3-3-1024x683.jpg 1024w\" sizes=\"(max-width: 1649px) 100vw, 1649px\" \/><\/a><span lang=\"es-ES\">LA DELEGACI\u00d3N DE ENTRE R\u00cdOS EN COSQU\u00cdN 2019 SER\u00c1 EL N\u00daMERO CENTRAL<br \/>\n<\/span>La cuarta edici\u00f3n de la Fiesta Regional del Locro de Oro Verde ya tiene fecha y cartelera: comenzar\u00e1 con un s\u00e1bado de pe\u00f1a, la noche del 6 de julio, y culminar\u00e1 con un gran almuerzo el domingo 7. Adem\u00e1s de prestigiosos artistas locales, se presentar\u00e1 la Delegaci\u00f3n de Entre R\u00edos en Cosqu\u00edn 2019 y Los Saraluce\u00f1os. Tendr\u00e1 lugar en la carpa instalada en Los Sauces y Los Tordos. La oferta gastron\u00f3mica de la fiesta estar\u00e1 a cargo de las instituciones locales, que obtienen as\u00ed recursos para sus actividades durante el a\u00f1o.<\/p>\n<p align=\"justify\"><!--more--><\/p>\n<p style=\"text-align: justify;\">La fiesta gastron\u00f3mica comenzar\u00e1 con comidas criollas durante la noche del s\u00e1bado, como empanadas, asado con cuero, pescado frito y algunas porciones locro. El domingo la estrella ser\u00e1 el locro del gran almuerzo donde habr\u00e1 diferentes recetas que presentar\u00e1n los \u201clocreros\u201d de la localidad. Durante esa jornada se podr\u00e1 ver preparar en vivo m\u00e1s de 1.000 porciones que servir\u00e1n. Habr\u00e1 tambi\u00e9n productos regionales, panes artesanales y una oferta de dulces para postre.<\/p>\n<p style=\"text-align: justify;\">En cuanto a las entradas, el s\u00e1bado 6 de julio se podr\u00e1 acceder de manera libre y gratuita. El domingo podr\u00e1n adquirirse en la puerta, por un valor de 60 pesos para los oroverdenses, y de 100 para las personas de otras localidades. Cabe destacar que el precio se mantiene desde hace dos a\u00f1os.<\/p>\n<p style=\"text-align: justify;\">Los dos d\u00edas habr\u00e1 muestras institucionales y estar\u00e1 instalada la Feria de Productores Populares con productos de manos oroverdenses que incluyen artesan\u00edas en cuero, herrer\u00eda, plater\u00eda, carpinter\u00eda, manualidades, pinturas, productos textiles, plantas, gastronom\u00eda y otras propuestas.<\/p>\n<h1 style=\"text-align: justify;\">Cartelera<\/h1>\n<h2 style=\"text-align: justify;\">S\u00c1BADO 6 DE JULIO<\/h2>\n<p style=\"text-align: justify;\">20.30 hs. Apertura a cargo del Ballet Municipal de Oro Verde. El conjunto Miel y Lim\u00f3n, Nicol\u00e1s Faes Grupo, Guille Lugr\u00edn Cuarteto, Alcides Muller, Las Herbel, Mar\u00eda y la Negra, Los Hermanos Benedetich, El correntino y sus amigos chamameceros, y como n\u00famero central la Delegaci\u00f3n de Entre R\u00edos en Cosqu\u00edn 2019.<\/p>\n<h2 style=\"text-align: justify;\">DOMINGO 7 DE JULIO<\/h2>\n<p style=\"text-align: justify;\">11 hs. Fiesta gastron\u00f3mica, almuerzo con m\u00e1s de 1.000 porciones de locro. Habr\u00e1 cantina con otras comidas y bebidas. Apertura con el Ballet de la Facultad de Ciencias Agropecuarias de la UNER, la actuaci\u00f3n de Juli\u00e1n Langoni, Los Riedel, y como n\u00famero principal estar\u00e1n Los Saraluce\u00f1os. Despu\u00e9s de la comida, Jonathan Palacios presentar\u00e1 un repertorio tropical para bailar.<\/p>\n","protected":false},"excerpt":{"rendered":"<p>LA DELEGACI\u00d3N DE ENTRE R\u00cdOS EN COSQU\u00cdN 2019 SER\u00c1 EL N\u00daMERO CENTRAL La cuarta edici\u00f3n de la Fiesta Regional del Locro de Oro Verde ya tiene fecha y cartelera: comenzar\u00e1&#8230;<\/p>\n","protected":false},"author":1,"featured_media":0,"comment_status":"open","ping_status":"closed","sticky":false,"template":"","format":"standard","meta":{"_eb_attr":"","footnotes":""},"categories":[10,1],"tags":[],"class_list":["post-619329","post","type-post","status-publish","format-standard","hentry","category-cultura","category-noticias","wpcat-10-id","wpcat-1-id"],"_links":{"self":[{"href":"https:\/\/www.oroverde.com.ar\/web\/wp-json\/wp\/v2\/posts\/619329","targetHints":{"allow":["GET"]}}],"collection":[{"href":"https:\/\/www.oroverde.com.ar\/web\/wp-json\/wp\/v2\/posts"}],"about":[{"href":"https:\/\/www.oroverde.com.ar\/web\/wp-json\/wp\/v2\/types\/post"}],"author":[{"embeddable":true,"href":"https:\/\/www.oroverde.com.ar\/web\/wp-json\/wp\/v2\/users\/1"}],"replies":[{"embeddable":true,"href":"https:\/\/www.oroverde.com.ar\/web\/wp-json\/wp\/v2\/comments?post=619329"}],"version-history":[{"count":1,"href":"https:\/\/www.oroverde.com.ar\/web\/wp-json\/wp\/v2\/posts\/619329\/revisions"}],"predecessor-version":[{"id":619330,"href":"https:\/\/www.oroverde.com.ar\/web\/wp-json\/wp\/v2\/posts\/619329\/revisions\/619330"}],"wp:attachment":[{"href":"https:\/\/www.oroverde.com.ar\/web\/wp-json\/wp\/v2\/media?parent=619329"}],"wp:term":[{"taxonomy":"category","embeddable":true,"href":"https:\/\/www.oroverde.com.ar\/web\/wp-json\/wp\/v2\/categories?post=619329"},{"taxonomy":"post_tag","embeddable":true,"href":"https:\/\/www.oroverde.com.ar\/web\/wp-json\/wp\/v2\/tags?post=619329"}],"curies":[{"name":"wp","href":"https:\/\/api.w.org\/{rel}","templated":true}]}}