{"id":619336,"date":"2019-07-01T21:24:28","date_gmt":"2019-07-02T00:24:28","guid":{"rendered":"http:\/\/www.oroverde.com.ar\/web\/?p=619336"},"modified":"2019-07-01T21:24:28","modified_gmt":"2019-07-02T00:24:28","slug":"cuarta-edicion-de-la-fiesta-del-locro-la-solidaridad-como-simbolo-de-este-evento","status":"publish","type":"post","link":"https:\/\/www.oroverde.com.ar\/web\/cuarta-edicion-de-la-fiesta-del-locro-la-solidaridad-como-simbolo-de-este-evento\/","title":{"rendered":"Cuarta edici\u00f3n de la Fiesta del Locro: la solidaridad como s\u00edmbolo de este evento"},"content":{"rendered":"<p style=\"text-align: justify;\"><a href=\"http:\/\/www.oroverde.com.ar\/web\/wp-content\/uploads\/2019\/07\/Fiesta-del-Locro.jpg\"><img fetchpriority=\"high\" decoding=\"async\" class=\"size-full wp-image-619341 aligncenter\" src=\"http:\/\/www.oroverde.com.ar\/web\/wp-content\/uploads\/2019\/07\/Fiesta-del-Locro.jpg\" alt=\"\" width=\"799\" height=\"600\" srcset=\"https:\/\/www.oroverde.com.ar\/web\/wp-content\/uploads\/2019\/07\/Fiesta-del-Locro.jpg 799w, https:\/\/www.oroverde.com.ar\/web\/wp-content\/uploads\/2019\/07\/Fiesta-del-Locro-600x451.jpg 600w, https:\/\/www.oroverde.com.ar\/web\/wp-content\/uploads\/2019\/07\/Fiesta-del-Locro-300x225.jpg 300w, https:\/\/www.oroverde.com.ar\/web\/wp-content\/uploads\/2019\/07\/Fiesta-del-Locro-768x577.jpg 768w\" sizes=\"(max-width: 799px) 100vw, 799px\" \/><\/a><\/p>\n<p style=\"text-align: justify;\">La Fiesta Regional del Locro ya forma parte de la comunidad oroverdense, donde la caracter\u00edstica es el trabajo solidario, impronta que se mantiene inalterable en todas sus ediciones. Es as\u00ed como las diferentes instituciones de la localidad trabajan mancomunadamente para organizar esta apuesta cultural y tur\u00edstica que ya ubica a Oro Verde en el calendario de fiestas de la regi\u00f3n. Adem\u00e1s, permite que estas instituciones puedan financiarse a trav\u00e9s de las ganancias que puedan generar presentando la oferta gastron\u00f3mica.<\/p>\n<p><!--more--><\/p>\n<p style=\"text-align: justify;\">En esta cuarta edici\u00f3n participan la Cooperadora \u201cMario Cena\u201d del Departamento de Aplicaci\u00f3n N\u00ba1 \u201cAlfredo A. Alfonsini\u201d; la Escuela Parroquial N\u00ba 216 \u201cJes\u00fas, Maestro y Se\u00f1or\u201d, la Cooperadora de la escuela secundaria N\u00ba 20 \u201cRosario Vera Pe\u00f1aloza\u201d, Club Atl\u00e9tico Oro Verde, Chan\u00e1 Timb\u00fa Rugby Club, Centro de Jubilados y Pensionados de Oro Verde, Agrupaci\u00f3n Tradicionalista \u201cOro Verde\u201d, Agrupaci\u00f3n Tradicionalista \u201cEl Nochero\u201d, Comisi\u00f3n \u201cPro Templo\u201d de la Parroquia \u201cJesucristo, Maestro y Se\u00f1or de la Humanidad y Nuestra Se\u00f1ora del Rosario de Pompeya\u201d.<br \/>\nEstas instituciones han mantenido reuniones con las autoridades municipales, donde entre otros temas se trabaj\u00f3 en la manera de lograr precios accesibles para la oferta gastron\u00f3mica y las entradas, cuyo costo se mantiene desde hace dos a\u00f1os.<br \/>\nEsta edici\u00f3n de la fiesta que combina cultura, gastronom\u00eda y buena m\u00fasica comenzar\u00e1 con comidas criollas durante la noche del s\u00e1bado, como empanadas, asado con cuero, pescado frito y algunas porciones locro. El domingo ser\u00e1 el gran almuerzo donde la comida central ser\u00e1 el locro con diferentes recetas que ofrecer\u00e1n las instituciones de la localidad. Tambi\u00e9n habr\u00e1 productos regionales, panes artesanales y una oferta de dulces para postre.<br \/>\nLos dos d\u00edas habr\u00e1 muestras institucionales y estar\u00e1 instalada la Feria de Productores Populares con productos de manos oroverdenses.<br \/>\nEn cuanto a las entradas, el s\u00e1bado 6 de julio se podr\u00e1 acceder de manera libre y gratuita. El domingo podr\u00e1n adquirirse en la puerta, por un valor de 60 pesos para los oroverdenses, y de 100 para las personas de otras localidades.<br \/>\nLos dos d\u00edas habr\u00e1 muestras institucionales y estar\u00e1 instalada la Feria de Productores Populares con productos de manos oroverdenses que incluyen artesan\u00edas en cuero, herrer\u00eda, plater\u00eda, carpinter\u00eda, manualidades, pinturas, productos textiles, plantas, gastronom\u00eda y otras propuestas.<\/p>\n<h1 style=\"text-align: justify;\">Cartelera<\/h1>\n<h2 style=\"text-align: justify;\">S\u00c1BADO 6 DE JULIO<\/h2>\n<p style=\"text-align: justify;\">20.30 hs. Apertura a cargo del Ballet Municipal de Oro Verde. El conjunto Miel y Lim\u00f3n, Nicol\u00e1s Faes Grupo, Guille Lugr\u00edn Cuarteto, Alcides Muller, Las Herbel, Mar\u00eda y la Negra, Los Hermanos Benedetich, El correntino y sus amigos chamameceros, y como n\u00famero central la Delegaci\u00f3n de Entre R\u00edos en Cosqu\u00edn 2019.<\/p>\n<h2 style=\"text-align: justify;\">DOMINGO 7 DE JULIO<\/h2>\n<p style=\"text-align: justify;\">11 hs. Fiesta gastron\u00f3mica, almuerzo con m\u00e1s de 1.000 porciones de locro. Habr\u00e1 cantina con otras comidas y bebidas. Apertura con el Ballet de la Facultad de Ciencias Agropecuarias de la UNER, la actuaci\u00f3n de Juli\u00e1n Langoni, Los Riedel, y como n\u00famero principal estar\u00e1n Los Saraluce\u00f1os. Despu\u00e9s de la comida, Jonathan Palacios presentar\u00e1 un repertorio tropical para bailar.<\/p>\n","protected":false},"excerpt":{"rendered":"<p>La Fiesta Regional del Locro ya forma parte de la comunidad oroverdense, donde la caracter\u00edstica es el trabajo solidario, impronta que se mantiene inalterable en todas sus ediciones. Es as\u00ed&#8230;<\/p>\n","protected":false},"author":1,"featured_media":0,"comment_status":"open","ping_status":"closed","sticky":false,"template":"","format":"standard","meta":{"_eb_attr":"","footnotes":""},"categories":[10,5],"tags":[],"class_list":["post-619336","post","type-post","status-publish","format-standard","hentry","category-cultura","category-noticias-municipales","wpcat-10-id","wpcat-5-id"],"_links":{"self":[{"href":"https:\/\/www.oroverde.com.ar\/web\/wp-json\/wp\/v2\/posts\/619336","targetHints":{"allow":["GET"]}}],"collection":[{"href":"https:\/\/www.oroverde.com.ar\/web\/wp-json\/wp\/v2\/posts"}],"about":[{"href":"https:\/\/www.oroverde.com.ar\/web\/wp-json\/wp\/v2\/types\/post"}],"author":[{"embeddable":true,"href":"https:\/\/www.oroverde.com.ar\/web\/wp-json\/wp\/v2\/users\/1"}],"replies":[{"embeddable":true,"href":"https:\/\/www.oroverde.com.ar\/web\/wp-json\/wp\/v2\/comments?post=619336"}],"version-history":[{"count":1,"href":"https:\/\/www.oroverde.com.ar\/web\/wp-json\/wp\/v2\/posts\/619336\/revisions"}],"predecessor-version":[{"id":619343,"href":"https:\/\/www.oroverde.com.ar\/web\/wp-json\/wp\/v2\/posts\/619336\/revisions\/619343"}],"wp:attachment":[{"href":"https:\/\/www.oroverde.com.ar\/web\/wp-json\/wp\/v2\/media?parent=619336"}],"wp:term":[{"taxonomy":"category","embeddable":true,"href":"https:\/\/www.oroverde.com.ar\/web\/wp-json\/wp\/v2\/categories?post=619336"},{"taxonomy":"post_tag","embeddable":true,"href":"https:\/\/www.oroverde.com.ar\/web\/wp-json\/wp\/v2\/tags?post=619336"}],"curies":[{"name":"wp","href":"https:\/\/api.w.org\/{rel}","templated":true}]}}