{"id":619355,"date":"2019-07-05T17:06:08","date_gmt":"2019-07-05T20:06:08","guid":{"rendered":"http:\/\/www.oroverde.com.ar\/web\/?p=619355"},"modified":"2019-07-05T17:06:08","modified_gmt":"2019-07-05T20:06:08","slug":"se-realizo-una-nueva-reunion-organizativa-con-las-instituciones-que-participan-de-la-iv-fiesta-regional-del-locro","status":"publish","type":"post","link":"https:\/\/www.oroverde.com.ar\/web\/se-realizo-una-nueva-reunion-organizativa-con-las-instituciones-que-participan-de-la-iv-fiesta-regional-del-locro\/","title":{"rendered":"Se realiz\u00f3 una nueva reuni\u00f3n organizativa con las instituciones que participan de la IV Fiesta Regional del Locro"},"content":{"rendered":"<p><a href=\"http:\/\/www.oroverde.com.ar\/web\/wp-content\/uploads\/2019\/07\/reuni\u00f3n-fiesta-del-locro.jpg\"><img fetchpriority=\"high\" decoding=\"async\" class=\"aligncenter size-full wp-image-619353\" src=\"http:\/\/www.oroverde.com.ar\/web\/wp-content\/uploads\/2019\/07\/reuni\u00f3n-fiesta-del-locro.jpg\" alt=\"\" width=\"1024\" height=\"767\" srcset=\"https:\/\/www.oroverde.com.ar\/web\/wp-content\/uploads\/2019\/07\/reuni\u00f3n-fiesta-del-locro.jpg 1024w, https:\/\/www.oroverde.com.ar\/web\/wp-content\/uploads\/2019\/07\/reuni\u00f3n-fiesta-del-locro-600x449.jpg 600w, https:\/\/www.oroverde.com.ar\/web\/wp-content\/uploads\/2019\/07\/reuni\u00f3n-fiesta-del-locro-300x225.jpg 300w, https:\/\/www.oroverde.com.ar\/web\/wp-content\/uploads\/2019\/07\/reuni\u00f3n-fiesta-del-locro-768x575.jpg 768w\" sizes=\"(max-width: 1024px) 100vw, 1024px\" \/><\/a>Los organizadores de la IV Fiesta Regional del Locro, se reunieron una vez m\u00e1s este martes en el edificio municipal para afinar detalles de cara al evento. Fueron numerosas instituciones y organizaciones las que estuvieron representadas y se comprometieron a trabajar durante el 6 y 7 julio durante la fiesta.<\/p>\n<p><!--more--><\/p>\n<p style=\"text-align: justify;\">Un nuevo encuentro organizativo tuvo lugar el este martes en el edificio municipal. All\u00ed se reuni\u00f3 el grupo asignado por el Gobierno municipal a la organizaci\u00f3n de la fiesta, y los representantes de las instituciones que tendr\u00e1n diferentes roles en los dos d\u00edas, y principalmente, ser\u00e1n las encargadas de ofrecer el locro en el almuerzo criollo del domingo 7 de julio.<\/p>\n<p style=\"text-align: justify;\">En esta ocasi\u00f3n se trataron los pormenores organizativos de los dos d\u00edas, los roles de cada una de las instituciones, las cuestiones de seguridad y sobre todo, las buenas pr\u00e1cticas bromatol\u00f3gicas, es as\u00ed como estuvo presente el responsable municipal de esta \u00e1rea, Jos\u00e9 Mar\u00eda Gonz\u00e1lez, quien entreg\u00f3 folleter\u00eda y brind\u00f3 su asesoramiento para garantizar la sanidad en la producci\u00f3n y manipulaci\u00f3n de alimentos.<\/p>\n<p style=\"text-align: justify;\">Vale destacar en esta cuarta edici\u00f3n participan la Cooperadora \u201cMario Cena\u201d del Departamento de Aplicaci\u00f3n N\u00ba1 \u201cAlfredo A. Alfonsini\u201d; la Escuela Parroquial N\u00ba 216 \u201cJes\u00fas, Maestro y Se\u00f1or\u201d, la Cooperadora de la escuela secundaria N\u00ba 20 \u201cRosario Vera Pe\u00f1aloza\u201d, Club Atl\u00e9tico Oro Verde, Chan\u00e1 Timb\u00fa Rugby Club, Centro de Jubilados y Pensionados de Oro Verde, Agrupaci\u00f3n Tradicionalista \u201cOro Verde\u201d, Agrupaci\u00f3n Tradicionalista \u201cEl Nochero\u201d, Comisi\u00f3n \u201cPro Templo\u201d de la Parroquia \u201cJesucristo, Maestro y Se\u00f1or de la Humanidad y Nuestra Se\u00f1ora del Rosario de Pompeya\u201d.<\/p>\n","protected":false},"excerpt":{"rendered":"<p>Los organizadores de la IV Fiesta Regional del Locro, se reunieron una vez m\u00e1s este martes en el edificio municipal para afinar detalles de cara al evento. Fueron numerosas instituciones&#8230;<\/p>\n","protected":false},"author":1,"featured_media":0,"comment_status":"open","ping_status":"closed","sticky":false,"template":"","format":"standard","meta":{"_eb_attr":"","footnotes":""},"categories":[10,1],"tags":[],"class_list":["post-619355","post","type-post","status-publish","format-standard","hentry","category-cultura","category-noticias","wpcat-10-id","wpcat-1-id"],"_links":{"self":[{"href":"https:\/\/www.oroverde.com.ar\/web\/wp-json\/wp\/v2\/posts\/619355","targetHints":{"allow":["GET"]}}],"collection":[{"href":"https:\/\/www.oroverde.com.ar\/web\/wp-json\/wp\/v2\/posts"}],"about":[{"href":"https:\/\/www.oroverde.com.ar\/web\/wp-json\/wp\/v2\/types\/post"}],"author":[{"embeddable":true,"href":"https:\/\/www.oroverde.com.ar\/web\/wp-json\/wp\/v2\/users\/1"}],"replies":[{"embeddable":true,"href":"https:\/\/www.oroverde.com.ar\/web\/wp-json\/wp\/v2\/comments?post=619355"}],"version-history":[{"count":1,"href":"https:\/\/www.oroverde.com.ar\/web\/wp-json\/wp\/v2\/posts\/619355\/revisions"}],"predecessor-version":[{"id":619356,"href":"https:\/\/www.oroverde.com.ar\/web\/wp-json\/wp\/v2\/posts\/619355\/revisions\/619356"}],"wp:attachment":[{"href":"https:\/\/www.oroverde.com.ar\/web\/wp-json\/wp\/v2\/media?parent=619355"}],"wp:term":[{"taxonomy":"category","embeddable":true,"href":"https:\/\/www.oroverde.com.ar\/web\/wp-json\/wp\/v2\/categories?post=619355"},{"taxonomy":"post_tag","embeddable":true,"href":"https:\/\/www.oroverde.com.ar\/web\/wp-json\/wp\/v2\/tags?post=619355"}],"curies":[{"name":"wp","href":"https:\/\/api.w.org\/{rel}","templated":true}]}}