{"id":619359,"date":"2019-07-05T17:24:52","date_gmt":"2019-07-05T20:24:52","guid":{"rendered":"http:\/\/www.oroverde.com.ar\/web\/?p=619359"},"modified":"2019-07-05T17:24:52","modified_gmt":"2019-07-05T20:24:52","slug":"avenida-los-eucaliptos-instalan-iluminacion-led","status":"publish","type":"post","link":"https:\/\/www.oroverde.com.ar\/web\/avenida-los-eucaliptos-instalan-iluminacion-led\/","title":{"rendered":"Avenida Los Eucaliptos: instalan iluminaci\u00f3n Led"},"content":{"rendered":"<p><a href=\"http:\/\/www.oroverde.com.ar\/web\/wp-content\/uploads\/2019\/07\/Luces-Led.jpg\"><img fetchpriority=\"high\" decoding=\"async\" class=\"aligncenter size-full wp-image-619352\" src=\"http:\/\/www.oroverde.com.ar\/web\/wp-content\/uploads\/2019\/07\/Luces-Led.jpg\" alt=\"\" width=\"1024\" height=\"767\" srcset=\"https:\/\/www.oroverde.com.ar\/web\/wp-content\/uploads\/2019\/07\/Luces-Led.jpg 1024w, https:\/\/www.oroverde.com.ar\/web\/wp-content\/uploads\/2019\/07\/Luces-Led-600x449.jpg 600w, https:\/\/www.oroverde.com.ar\/web\/wp-content\/uploads\/2019\/07\/Luces-Led-300x225.jpg 300w, https:\/\/www.oroverde.com.ar\/web\/wp-content\/uploads\/2019\/07\/Luces-Led-768x575.jpg 768w\" sizes=\"(max-width: 1024px) 100vw, 1024px\" \/><\/a>Completada la etapa de repavimentaci\u00f3n por parte de la empresa en Avenida Los Eucaliptos, se realiza la instalaci\u00f3n de la nueva luminaria.<\/p>\n<p><!--more--><\/p>\n<p style=\"text-align: justify;\">Actualmente se colocan sobre esta arteria principal, columnas dobles que contar\u00e1n con luces Led, renovando as\u00ed de manera completa su iluminaci\u00f3n.<\/p>\n<p style=\"text-align: justify;\">En estos meses retiraron la capa asf\u00e1ltica existente, construyeron una nueva base y repavimentaron completamente esta arteria, desde la Ruta 11 hasta la intersecci\u00f3n con Los Cisnes. Adem\u00e1s, realizaron trabajos de limpieza en los badenes.<\/p>\n","protected":false},"excerpt":{"rendered":"<p>Completada la etapa de repavimentaci\u00f3n por parte de la empresa en Avenida Los Eucaliptos, se realiza la instalaci\u00f3n de la nueva luminaria.<\/p>\n","protected":false},"author":1,"featured_media":0,"comment_status":"open","ping_status":"closed","sticky":false,"template":"","format":"standard","meta":{"_eb_attr":"","footnotes":""},"categories":[5],"tags":[],"class_list":["post-619359","post","type-post","status-publish","format-standard","hentry","category-noticias-municipales","wpcat-5-id"],"_links":{"self":[{"href":"https:\/\/www.oroverde.com.ar\/web\/wp-json\/wp\/v2\/posts\/619359","targetHints":{"allow":["GET"]}}],"collection":[{"href":"https:\/\/www.oroverde.com.ar\/web\/wp-json\/wp\/v2\/posts"}],"about":[{"href":"https:\/\/www.oroverde.com.ar\/web\/wp-json\/wp\/v2\/types\/post"}],"author":[{"embeddable":true,"href":"https:\/\/www.oroverde.com.ar\/web\/wp-json\/wp\/v2\/users\/1"}],"replies":[{"embeddable":true,"href":"https:\/\/www.oroverde.com.ar\/web\/wp-json\/wp\/v2\/comments?post=619359"}],"version-history":[{"count":1,"href":"https:\/\/www.oroverde.com.ar\/web\/wp-json\/wp\/v2\/posts\/619359\/revisions"}],"predecessor-version":[{"id":619360,"href":"https:\/\/www.oroverde.com.ar\/web\/wp-json\/wp\/v2\/posts\/619359\/revisions\/619360"}],"wp:attachment":[{"href":"https:\/\/www.oroverde.com.ar\/web\/wp-json\/wp\/v2\/media?parent=619359"}],"wp:term":[{"taxonomy":"category","embeddable":true,"href":"https:\/\/www.oroverde.com.ar\/web\/wp-json\/wp\/v2\/categories?post=619359"},{"taxonomy":"post_tag","embeddable":true,"href":"https:\/\/www.oroverde.com.ar\/web\/wp-json\/wp\/v2\/tags?post=619359"}],"curies":[{"name":"wp","href":"https:\/\/api.w.org\/{rel}","templated":true}]}}