{"id":619403,"date":"2019-07-26T17:38:26","date_gmt":"2019-07-26T20:38:26","guid":{"rendered":"http:\/\/www.oroverde.com.ar\/web\/?p=619403"},"modified":"2019-07-26T17:38:26","modified_gmt":"2019-07-26T20:38:26","slug":"festejos-por-el-dia-del-nino-en-el-polideportivo-municipal","status":"publish","type":"post","link":"https:\/\/www.oroverde.com.ar\/web\/festejos-por-el-dia-del-nino-en-el-polideportivo-municipal\/","title":{"rendered":"Festejos por el D\u00eda del Ni\u00f1o en el Polideportivo Municipal"},"content":{"rendered":"<p style=\"text-align: justify;\"><a href=\"http:\/\/www.oroverde.com.ar\/web\/wp-content\/uploads\/2019\/07\/D\u00eda-del-Ni\u00f1o.jpg\"><img fetchpriority=\"high\" decoding=\"async\" class=\"aligncenter size-full wp-image-619395\" src=\"http:\/\/www.oroverde.com.ar\/web\/wp-content\/uploads\/2019\/07\/D\u00eda-del-Ni\u00f1o.jpg\" alt=\"\" width=\"1024\" height=\"768\" srcset=\"https:\/\/www.oroverde.com.ar\/web\/wp-content\/uploads\/2019\/07\/D\u00eda-del-Ni\u00f1o.jpg 1024w, https:\/\/www.oroverde.com.ar\/web\/wp-content\/uploads\/2019\/07\/D\u00eda-del-Ni\u00f1o-600x450.jpg 600w, https:\/\/www.oroverde.com.ar\/web\/wp-content\/uploads\/2019\/07\/D\u00eda-del-Ni\u00f1o-300x225.jpg 300w, https:\/\/www.oroverde.com.ar\/web\/wp-content\/uploads\/2019\/07\/D\u00eda-del-Ni\u00f1o-768x576.jpg 768w\" sizes=\"(max-width: 1024px) 100vw, 1024px\" \/><\/a><span lang=\"es-ES\">Organizado por el Municipio de Oro Verde y el Centro Integrador Comunitario, se realizar\u00e1 un gran festejo por el D\u00eda del Ni\u00f1o el s\u00e1bado<strong> 17 de agosto a partir de las 15:30<\/strong> en el Play\u00f3n del Polideportivo municipal, ubicado en la intersecci\u00f3n de Los Sauces y Las Golondrinas. Estar\u00e1n las facilitadoras de Primeros A\u00f1os con la sala blanda para los m\u00e1s chiquitos. Habr\u00e1 juegos, peloteros y un espect\u00e1culo de circo con acrobacias.<\/span><\/p>\n","protected":false},"excerpt":{"rendered":"<p>Organizado por el Municipio de Oro Verde y el Centro Integrador Comunitario, se realizar\u00e1 un gran festejo por el D\u00eda del Ni\u00f1o el s\u00e1bado 17 de agosto a partir de&#8230;<\/p>\n","protected":false},"author":1,"featured_media":0,"comment_status":"open","ping_status":"closed","sticky":false,"template":"","format":"standard","meta":{"_eb_attr":"","footnotes":""},"categories":[10,5],"tags":[],"class_list":["post-619403","post","type-post","status-publish","format-standard","hentry","category-cultura","category-noticias-municipales","wpcat-10-id","wpcat-5-id"],"_links":{"self":[{"href":"https:\/\/www.oroverde.com.ar\/web\/wp-json\/wp\/v2\/posts\/619403","targetHints":{"allow":["GET"]}}],"collection":[{"href":"https:\/\/www.oroverde.com.ar\/web\/wp-json\/wp\/v2\/posts"}],"about":[{"href":"https:\/\/www.oroverde.com.ar\/web\/wp-json\/wp\/v2\/types\/post"}],"author":[{"embeddable":true,"href":"https:\/\/www.oroverde.com.ar\/web\/wp-json\/wp\/v2\/users\/1"}],"replies":[{"embeddable":true,"href":"https:\/\/www.oroverde.com.ar\/web\/wp-json\/wp\/v2\/comments?post=619403"}],"version-history":[{"count":1,"href":"https:\/\/www.oroverde.com.ar\/web\/wp-json\/wp\/v2\/posts\/619403\/revisions"}],"predecessor-version":[{"id":619404,"href":"https:\/\/www.oroverde.com.ar\/web\/wp-json\/wp\/v2\/posts\/619403\/revisions\/619404"}],"wp:attachment":[{"href":"https:\/\/www.oroverde.com.ar\/web\/wp-json\/wp\/v2\/media?parent=619403"}],"wp:term":[{"taxonomy":"category","embeddable":true,"href":"https:\/\/www.oroverde.com.ar\/web\/wp-json\/wp\/v2\/categories?post=619403"},{"taxonomy":"post_tag","embeddable":true,"href":"https:\/\/www.oroverde.com.ar\/web\/wp-json\/wp\/v2\/tags?post=619403"}],"curies":[{"name":"wp","href":"https:\/\/api.w.org\/{rel}","templated":true}]}}