{"id":619405,"date":"2019-07-26T17:40:13","date_gmt":"2019-07-26T20:40:13","guid":{"rendered":"http:\/\/www.oroverde.com.ar\/web\/?p=619405"},"modified":"2019-07-26T17:40:13","modified_gmt":"2019-07-26T20:40:13","slug":"la-delegacion-de-abuelos-en-accion-de-oro-verde-competira-en-cerrito","status":"publish","type":"post","link":"https:\/\/www.oroverde.com.ar\/web\/la-delegacion-de-abuelos-en-accion-de-oro-verde-competira-en-cerrito\/","title":{"rendered":"La delegaci\u00f3n de Abuelos en Acci\u00f3n de Oro Verde competir\u00e1 en Cerrito"},"content":{"rendered":"<p style=\"text-align: justify;\"><a href=\"http:\/\/www.oroverde.com.ar\/web\/wp-content\/uploads\/2019\/07\/Abuelos-en-Acci\u00f3n.jpg\"><img fetchpriority=\"high\" decoding=\"async\" class=\"aligncenter size-full wp-image-619394\" src=\"http:\/\/www.oroverde.com.ar\/web\/wp-content\/uploads\/2019\/07\/Abuelos-en-Acci\u00f3n.jpg\" alt=\"\" width=\"799\" height=\"600\" srcset=\"https:\/\/www.oroverde.com.ar\/web\/wp-content\/uploads\/2019\/07\/Abuelos-en-Acci\u00f3n.jpg 799w, https:\/\/www.oroverde.com.ar\/web\/wp-content\/uploads\/2019\/07\/Abuelos-en-Acci\u00f3n-600x451.jpg 600w, https:\/\/www.oroverde.com.ar\/web\/wp-content\/uploads\/2019\/07\/Abuelos-en-Acci\u00f3n-300x225.jpg 300w, https:\/\/www.oroverde.com.ar\/web\/wp-content\/uploads\/2019\/07\/Abuelos-en-Acci\u00f3n-768x577.jpg 768w\" sizes=\"(max-width: 799px) 100vw, 799px\" \/><\/a>El <strong>s\u00e1bado 10 de agosto<\/strong>, la delegaci\u00f3n de Oro Verde viajar\u00e1 a la ciudad de Cerrito para participar de la instancia departamental.<\/p>\n<p><!--more--><\/p>\n<p>Este grupo de adultos mayores buscar\u00e1 sobresalir entre los dem\u00e1s competidores, para obtener los primeros puestos y as\u00ed representar a la ciudad universitaria en la instancia provincial que se realizar\u00e1 este a\u00f1o en Gualeguaych\u00fa.<\/p>\n<p>Competir\u00e1n en diferentes disciplinas y deportes como bochas, newcom, tiro al aro, juegos de cartas, danza y canto, entre otras.<\/p>\n","protected":false},"excerpt":{"rendered":"<p>El s\u00e1bado 10 de agosto, la delegaci\u00f3n de Oro Verde viajar\u00e1 a la ciudad de Cerrito para participar de la instancia departamental.<\/p>\n","protected":false},"author":1,"featured_media":0,"comment_status":"open","ping_status":"closed","sticky":false,"template":"","format":"standard","meta":{"_eb_attr":"","footnotes":""},"categories":[10,31,5],"tags":[],"class_list":["post-619405","post","type-post","status-publish","format-standard","hentry","category-cultura","category-deportes-noticias","category-noticias-municipales","wpcat-10-id","wpcat-31-id","wpcat-5-id"],"_links":{"self":[{"href":"https:\/\/www.oroverde.com.ar\/web\/wp-json\/wp\/v2\/posts\/619405","targetHints":{"allow":["GET"]}}],"collection":[{"href":"https:\/\/www.oroverde.com.ar\/web\/wp-json\/wp\/v2\/posts"}],"about":[{"href":"https:\/\/www.oroverde.com.ar\/web\/wp-json\/wp\/v2\/types\/post"}],"author":[{"embeddable":true,"href":"https:\/\/www.oroverde.com.ar\/web\/wp-json\/wp\/v2\/users\/1"}],"replies":[{"embeddable":true,"href":"https:\/\/www.oroverde.com.ar\/web\/wp-json\/wp\/v2\/comments?post=619405"}],"version-history":[{"count":1,"href":"https:\/\/www.oroverde.com.ar\/web\/wp-json\/wp\/v2\/posts\/619405\/revisions"}],"predecessor-version":[{"id":619406,"href":"https:\/\/www.oroverde.com.ar\/web\/wp-json\/wp\/v2\/posts\/619405\/revisions\/619406"}],"wp:attachment":[{"href":"https:\/\/www.oroverde.com.ar\/web\/wp-json\/wp\/v2\/media?parent=619405"}],"wp:term":[{"taxonomy":"category","embeddable":true,"href":"https:\/\/www.oroverde.com.ar\/web\/wp-json\/wp\/v2\/categories?post=619405"},{"taxonomy":"post_tag","embeddable":true,"href":"https:\/\/www.oroverde.com.ar\/web\/wp-json\/wp\/v2\/tags?post=619405"}],"curies":[{"name":"wp","href":"https:\/\/api.w.org\/{rel}","templated":true}]}}