{"id":619407,"date":"2019-07-26T17:42:38","date_gmt":"2019-07-26T20:42:38","guid":{"rendered":"http:\/\/www.oroverde.com.ar\/web\/?p=619407"},"modified":"2019-07-26T17:42:38","modified_gmt":"2019-07-26T20:42:38","slug":"actividad-del-taller-de-huerta-organica-local","status":"publish","type":"post","link":"https:\/\/www.oroverde.com.ar\/web\/actividad-del-taller-de-huerta-organica-local\/","title":{"rendered":"Actividad del taller de Huerta Org\u00e1nica local"},"content":{"rendered":"<p style=\"text-align: justify;\"><a href=\"http:\/\/www.oroverde.com.ar\/web\/wp-content\/uploads\/2019\/07\/Taller-de-huerta-1.jpg\"><img fetchpriority=\"high\" decoding=\"async\" class=\"aligncenter size-full wp-image-619397\" src=\"http:\/\/www.oroverde.com.ar\/web\/wp-content\/uploads\/2019\/07\/Taller-de-huerta-1.jpg\" alt=\"\" width=\"799\" height=\"600\" srcset=\"https:\/\/www.oroverde.com.ar\/web\/wp-content\/uploads\/2019\/07\/Taller-de-huerta-1.jpg 799w, https:\/\/www.oroverde.com.ar\/web\/wp-content\/uploads\/2019\/07\/Taller-de-huerta-1-600x451.jpg 600w, https:\/\/www.oroverde.com.ar\/web\/wp-content\/uploads\/2019\/07\/Taller-de-huerta-1-300x225.jpg 300w, https:\/\/www.oroverde.com.ar\/web\/wp-content\/uploads\/2019\/07\/Taller-de-huerta-1-768x577.jpg 768w\" sizes=\"(max-width: 799px) 100vw, 799px\" \/><\/a><\/p>\n<p style=\"text-align: justify;\">Durante todo el a\u00f1o el taller de Huerta Org\u00e1nica realiza distintas actividades en la huerta del Centro Integrador Comunitario local para que ni\u00f1os, ni\u00f1as, adolescentes y la comunidad en general puedan aprender acerca de los cultivos de cada estaci\u00f3n del a\u00f1o.<\/p>\n<p><!--more--><\/p>\n<p style=\"text-align: justify;\">El responsable de este taller Guzm\u00e1n Banquero, brind\u00f3 detalles sobre el trabajo que realizan diariamente y los proyectos que buscan fortalecer el cultivo de sus propios alimentos org\u00e1nicos, al respecto explic\u00f3 \u201ccontinuamos con el contacto y trabajo con otras instituciones como el INTA donde se capacitan a los interesados en las huertas org\u00e1nicas familiares y se entregan semillas del Programa Pro Huerta de este instituto\u201d.<\/p>\n<p><a href=\"http:\/\/www.oroverde.com.ar\/web\/wp-content\/uploads\/2019\/07\/Taller-de-Huerta-2.jpg\"><img decoding=\"async\" class=\"aligncenter size-full wp-image-619398\" src=\"http:\/\/www.oroverde.com.ar\/web\/wp-content\/uploads\/2019\/07\/Taller-de-Huerta-2.jpg\" alt=\"\" width=\"960\" height=\"540\" srcset=\"https:\/\/www.oroverde.com.ar\/web\/wp-content\/uploads\/2019\/07\/Taller-de-Huerta-2.jpg 960w, https:\/\/www.oroverde.com.ar\/web\/wp-content\/uploads\/2019\/07\/Taller-de-Huerta-2-600x338.jpg 600w, https:\/\/www.oroverde.com.ar\/web\/wp-content\/uploads\/2019\/07\/Taller-de-Huerta-2-300x169.jpg 300w, https:\/\/www.oroverde.com.ar\/web\/wp-content\/uploads\/2019\/07\/Taller-de-Huerta-2-768x432.jpg 768w\" sizes=\"(max-width: 960px) 100vw, 960px\" \/><\/a>\u201cEn el a\u00f1o, recibimos visitas de las escuelas de la localidad a la huerta y ya tenemos programadas nuevas visitas de escuelas locales. En estos encuentros los alumnos recorren junto con nosotros la huerta y all\u00ed pueden apreciar y aprender sobre los cultivos\u201d, remarc\u00f3.<\/p>\n<p style=\"text-align: justify;\">\u201cDurante la primera semana de agosto, empezamos los talleres con los chicos y los grandes y tenemos proyectado realizar encuentros donde se realicen intercambios de semillas, ser\u00eda cerca de la primavera. Adem\u00e1s, queremos capacitar a los docentes para que les transmitan a los alumnos como se realiza la elaboraci\u00f3n de huertas y como se hacen los cultivos\u201d, finaliz\u00f3.<\/p>\n<p style=\"text-align: justify;\">\n","protected":false},"excerpt":{"rendered":"<p>Durante todo el a\u00f1o el taller de Huerta Org\u00e1nica realiza distintas actividades en la huerta del Centro Integrador Comunitario local para que ni\u00f1os, ni\u00f1as, adolescentes y la comunidad en general&#8230;<\/p>\n","protected":false},"author":1,"featured_media":0,"comment_status":"open","ping_status":"closed","sticky":false,"template":"","format":"standard","meta":{"_eb_attr":"","footnotes":""},"categories":[32,14,5],"tags":[],"class_list":["post-619407","post","type-post","status-publish","format-standard","hentry","category-ambiente-saludable","category-ciencia-y-tecnologia","category-noticias-municipales","wpcat-32-id","wpcat-14-id","wpcat-5-id"],"_links":{"self":[{"href":"https:\/\/www.oroverde.com.ar\/web\/wp-json\/wp\/v2\/posts\/619407","targetHints":{"allow":["GET"]}}],"collection":[{"href":"https:\/\/www.oroverde.com.ar\/web\/wp-json\/wp\/v2\/posts"}],"about":[{"href":"https:\/\/www.oroverde.com.ar\/web\/wp-json\/wp\/v2\/types\/post"}],"author":[{"embeddable":true,"href":"https:\/\/www.oroverde.com.ar\/web\/wp-json\/wp\/v2\/users\/1"}],"replies":[{"embeddable":true,"href":"https:\/\/www.oroverde.com.ar\/web\/wp-json\/wp\/v2\/comments?post=619407"}],"version-history":[{"count":1,"href":"https:\/\/www.oroverde.com.ar\/web\/wp-json\/wp\/v2\/posts\/619407\/revisions"}],"predecessor-version":[{"id":619408,"href":"https:\/\/www.oroverde.com.ar\/web\/wp-json\/wp\/v2\/posts\/619407\/revisions\/619408"}],"wp:attachment":[{"href":"https:\/\/www.oroverde.com.ar\/web\/wp-json\/wp\/v2\/media?parent=619407"}],"wp:term":[{"taxonomy":"category","embeddable":true,"href":"https:\/\/www.oroverde.com.ar\/web\/wp-json\/wp\/v2\/categories?post=619407"},{"taxonomy":"post_tag","embeddable":true,"href":"https:\/\/www.oroverde.com.ar\/web\/wp-json\/wp\/v2\/tags?post=619407"}],"curies":[{"name":"wp","href":"https:\/\/api.w.org\/{rel}","templated":true}]}}