{"id":619436,"date":"2019-08-09T19:06:47","date_gmt":"2019-08-09T22:06:47","guid":{"rendered":"http:\/\/www.oroverde.com.ar\/web\/?p=619436"},"modified":"2019-08-09T19:06:47","modified_gmt":"2019-08-09T22:06:47","slug":"reunion-con-las-instituciones-para-evaluar-los-resultados-de-la-iv-fiesta-regional-del-locro","status":"publish","type":"post","link":"https:\/\/www.oroverde.com.ar\/web\/reunion-con-las-instituciones-para-evaluar-los-resultados-de-la-iv-fiesta-regional-del-locro\/","title":{"rendered":"Reuni\u00f3n con las instituciones para evaluar los resultados de la IV Fiesta Regional del Locro"},"content":{"rendered":"<p><a href=\"http:\/\/www.oroverde.com.ar\/web\/wp-content\/uploads\/2019\/08\/Reuni\u00f3n-F.-del-Locro.jpg\"><img fetchpriority=\"high\" decoding=\"async\" class=\"aligncenter size-full wp-image-619432\" src=\"http:\/\/www.oroverde.com.ar\/web\/wp-content\/uploads\/2019\/08\/Reuni\u00f3n-F.-del-Locro.jpg\" alt=\"\" width=\"1131\" height=\"849\" srcset=\"https:\/\/www.oroverde.com.ar\/web\/wp-content\/uploads\/2019\/08\/Reuni\u00f3n-F.-del-Locro.jpg 1131w, https:\/\/www.oroverde.com.ar\/web\/wp-content\/uploads\/2019\/08\/Reuni\u00f3n-F.-del-Locro-600x450.jpg 600w, https:\/\/www.oroverde.com.ar\/web\/wp-content\/uploads\/2019\/08\/Reuni\u00f3n-F.-del-Locro-300x225.jpg 300w, https:\/\/www.oroverde.com.ar\/web\/wp-content\/uploads\/2019\/08\/Reuni\u00f3n-F.-del-Locro-768x577.jpg 768w, https:\/\/www.oroverde.com.ar\/web\/wp-content\/uploads\/2019\/08\/Reuni\u00f3n-F.-del-Locro-1024x769.jpg 1024w\" sizes=\"(max-width: 1131px) 100vw, 1131px\" \/><\/a><\/p>\n<p style=\"text-align: justify;\">El Municipio convoc\u00f3 a las instituciones y organizaciones que participaron de la IV Fiesta Regional del Locro para realizar un balance, no s\u00f3lo econ\u00f3mico, sino de la organizaci\u00f3n y el evento. Coincidieron en una visi\u00f3n positiva de esta cuarta fiesta, donde este a\u00f1o se ofrecieron otras propuestas como la Feria de Productores Populares y la Muestra de los talleres municipales. Adem\u00e1s, coincidieron en la necesidad de seguir trabajando para mejorar este evento que reuni\u00f3 a m\u00e1s de 3 mil personas en 2 d\u00edas.<\/p>\n<p><!--more--><\/p>\n<p style=\"text-align: justify;\">Este encuentro junt\u00f3 a los actores que participaron de la cuarta Fiesta Regional del Locro para realizar un balance econ\u00f3mico de las ganancias de cada instituci\u00f3n, lo invertido por Municipio, y evaluar el evento de manera general. Estuvieron presentes, el responsable de Cultura, Guido Marengo, y la titular del \u00e1rea Joven, Marianela Komar.<\/p>\n<p style=\"text-align: justify;\">El intendente Dum\u00e9, destac\u00f3 la fiesta y el trabajo colectivo como s\u00edmbolo de este evento y la notable organizaci\u00f3n de todos los actores en esta apuesta cultural que cada a\u00f1o se esfuerza y compromete para innovar y mejorar esta propuesta que ubica a Oro Verde en el calendario de fiestas de la regi\u00f3n.<\/p>\n","protected":false},"excerpt":{"rendered":"<p>El Municipio convoc\u00f3 a las instituciones y organizaciones que participaron de la IV Fiesta Regional del Locro para realizar un balance, no s\u00f3lo econ\u00f3mico, sino de la organizaci\u00f3n y el&#8230;<\/p>\n","protected":false},"author":1,"featured_media":0,"comment_status":"open","ping_status":"closed","sticky":false,"template":"","format":"standard","meta":{"_eb_attr":"","footnotes":""},"categories":[10,5],"tags":[],"class_list":["post-619436","post","type-post","status-publish","format-standard","hentry","category-cultura","category-noticias-municipales","wpcat-10-id","wpcat-5-id"],"_links":{"self":[{"href":"https:\/\/www.oroverde.com.ar\/web\/wp-json\/wp\/v2\/posts\/619436","targetHints":{"allow":["GET"]}}],"collection":[{"href":"https:\/\/www.oroverde.com.ar\/web\/wp-json\/wp\/v2\/posts"}],"about":[{"href":"https:\/\/www.oroverde.com.ar\/web\/wp-json\/wp\/v2\/types\/post"}],"author":[{"embeddable":true,"href":"https:\/\/www.oroverde.com.ar\/web\/wp-json\/wp\/v2\/users\/1"}],"replies":[{"embeddable":true,"href":"https:\/\/www.oroverde.com.ar\/web\/wp-json\/wp\/v2\/comments?post=619436"}],"version-history":[{"count":1,"href":"https:\/\/www.oroverde.com.ar\/web\/wp-json\/wp\/v2\/posts\/619436\/revisions"}],"predecessor-version":[{"id":619437,"href":"https:\/\/www.oroverde.com.ar\/web\/wp-json\/wp\/v2\/posts\/619436\/revisions\/619437"}],"wp:attachment":[{"href":"https:\/\/www.oroverde.com.ar\/web\/wp-json\/wp\/v2\/media?parent=619436"}],"wp:term":[{"taxonomy":"category","embeddable":true,"href":"https:\/\/www.oroverde.com.ar\/web\/wp-json\/wp\/v2\/categories?post=619436"},{"taxonomy":"post_tag","embeddable":true,"href":"https:\/\/www.oroverde.com.ar\/web\/wp-json\/wp\/v2\/tags?post=619436"}],"curies":[{"name":"wp","href":"https:\/\/api.w.org\/{rel}","templated":true}]}}