{"id":620014,"date":"2019-11-22T17:59:14","date_gmt":"2019-11-22T20:59:14","guid":{"rendered":"http:\/\/www.oroverde.com.ar\/web\/?p=620014"},"modified":"2019-11-22T17:59:15","modified_gmt":"2019-11-22T20:59:15","slug":"funcionarios-municipales-participaron-del-segundo-encuentro-provincial-de-agricultura-familiar-y-desarrollo-rural","status":"publish","type":"post","link":"https:\/\/www.oroverde.com.ar\/web\/funcionarios-municipales-participaron-del-segundo-encuentro-provincial-de-agricultura-familiar-y-desarrollo-rural\/","title":{"rendered":"Funcionarios municipales participaron del segundo encuentro provincial de agricultura familiar y desarrollo rural"},"content":{"rendered":"\n<p>Este jueves el responsable de Ambiente, Javier F\u00e9rnandez, junto al encargado del taller de Huerta Familiar, Guzm\u00e1n Banquero, participaron del Segundo Encuentro Provincial\nde Agricultura Familiar y Desarrollo Rural realizado en Villaguay.<\/p>\n\n\n\n<p>El objetivo del encuentro fue analizar y contribuir a la elaboraci\u00f3n de un registro y la puesta en valor de la Agricultura Familiar en la provincia de Entre R\u00edos.<\/p>\n\n\n\n<p>Durante la jornada, de la que formaron parte numerosos sectores de la producci\u00f3n de diferentes municipios de la provincia, se intercambiaron experiencias y saberes sobre el trabajo\nque realizan en sus pueblos y ciudades. El eje de las actividades fueron las huertas y ferias, junto a la necesidad de vincular la producci\u00f3n con el cuidado del ambiente, en el marco de las pol\u00edticas p\u00fablicas\nque viene llevando adelante la provincia.<\/p>\n\n\n\n<p>Ambos funcionarios municipales, destacaron \u201cel buen posicionamiento que tiene Oro Verde a trav\u00e9s del trabajo que se realiza con los vecinos en la parte de producci\u00f3n,\ncon la entrega de semillas y otras actividades que realizamos, junto al trabajo que se realiza con el programa Basura Cero y que llevamos adelante desde hace un tiempo. Adem\u00e1s recabamos muchas informaci\u00f3n para\nseguir avanzando sobre \u00e9stas y otras tem\u00e1ticas\u201d.<\/p>\n\n\n\n<p>De esta actividad tambi\u00e9n particip\u00f3 Mateo Ariza, peque\u00f1o productor de Oro Verde, interesado en la tem\u00e1tica.<\/p>\n","protected":false},"excerpt":{"rendered":"<p>Este jueves el responsable de Ambiente, Javier F\u00e9rnandez, junto al encargado del taller de Huerta Familiar, Guzm\u00e1n Banquero, participaron del Segundo Encuentro Provincial de Agricultura Familiar y Desarrollo Rural realizado&#8230;<\/p>\n","protected":false},"author":1,"featured_media":620005,"comment_status":"open","ping_status":"closed","sticky":false,"template":"","format":"standard","meta":{"_eb_attr":"","footnotes":""},"categories":[36,5],"tags":[],"class_list":["post-620014","post","type-post","status-publish","format-standard","has-post-thumbnail","hentry","category-eventos","category-noticias-municipales","wpcat-36-id","wpcat-5-id"],"_links":{"self":[{"href":"https:\/\/www.oroverde.com.ar\/web\/wp-json\/wp\/v2\/posts\/620014","targetHints":{"allow":["GET"]}}],"collection":[{"href":"https:\/\/www.oroverde.com.ar\/web\/wp-json\/wp\/v2\/posts"}],"about":[{"href":"https:\/\/www.oroverde.com.ar\/web\/wp-json\/wp\/v2\/types\/post"}],"author":[{"embeddable":true,"href":"https:\/\/www.oroverde.com.ar\/web\/wp-json\/wp\/v2\/users\/1"}],"replies":[{"embeddable":true,"href":"https:\/\/www.oroverde.com.ar\/web\/wp-json\/wp\/v2\/comments?post=620014"}],"version-history":[{"count":1,"href":"https:\/\/www.oroverde.com.ar\/web\/wp-json\/wp\/v2\/posts\/620014\/revisions"}],"predecessor-version":[{"id":620015,"href":"https:\/\/www.oroverde.com.ar\/web\/wp-json\/wp\/v2\/posts\/620014\/revisions\/620015"}],"wp:featuredmedia":[{"embeddable":true,"href":"https:\/\/www.oroverde.com.ar\/web\/wp-json\/wp\/v2\/media\/620005"}],"wp:attachment":[{"href":"https:\/\/www.oroverde.com.ar\/web\/wp-json\/wp\/v2\/media?parent=620014"}],"wp:term":[{"taxonomy":"category","embeddable":true,"href":"https:\/\/www.oroverde.com.ar\/web\/wp-json\/wp\/v2\/categories?post=620014"},{"taxonomy":"post_tag","embeddable":true,"href":"https:\/\/www.oroverde.com.ar\/web\/wp-json\/wp\/v2\/tags?post=620014"}],"curies":[{"name":"wp","href":"https:\/\/api.w.org\/{rel}","templated":true}]}}