{"id":620023,"date":"2019-11-22T18:13:18","date_gmt":"2019-11-22T21:13:18","guid":{"rendered":"http:\/\/www.oroverde.com.ar\/web\/?p=620023"},"modified":"2019-11-22T18:13:20","modified_gmt":"2019-11-22T21:13:20","slug":"7-y-8-de-diciembre-feria-de-productores-populares-un-espacio-para-pequenos-productores-y-artesanos","status":"publish","type":"post","link":"https:\/\/www.oroverde.com.ar\/web\/7-y-8-de-diciembre-feria-de-productores-populares-un-espacio-para-pequenos-productores-y-artesanos\/","title":{"rendered":"7 y 8 de diciembre. Feria de productores populares. Un espacio para peque\u00f1os productores y artesanos"},"content":{"rendered":"\n<p>La iniciativa, surgida de la organizaci\u00f3n de un grupo de productores populares de la localidad, suma nuevos integrantes a la feria. El pr\u00f3ximo encuentro que tendr\u00e1\nlugar en el Polideportivo Municipal, el 7 y 8 de diciembre, ofrecer\u00e1 como novedad las verduras agroecol\u00f3gicas de dos huerteros locales, invitados por el Taller de Huerta municipal. Estar\u00e1 instalada ambos\nd\u00edas de 9 a 20 hs. El domingo por la tarde habr\u00e1 espect\u00e1culo de t\u00edteres (en formato lambe-lambe) para los m\u00e1s chicos.<\/p>\n\n\n\n<p>La Feria de Productores Populares de Oro Verde se consolida como un espacio donde mostrar aquello que producen vecinos de la localidad. Desde junio de 2018, cuando se abri\u00f3 el\nRegistro de Productores Populares, se llevaron adelante ocho ferias. El Municipio apoy\u00f3 este espacio desde el primer momento con el acompa\u00f1amiento del \u00e1rea de Desarrollo Social, y de Cultura. Entre otras\ncosas, brinda la infraestructura para cada una de estas jornadas y construy\u00f3 30 stands de metal con techo para comodidad de los feriantes. De esos, diez fueron financiados por el Ministerio de Desarrollo Social de la\nProvincia mediante la presentaci\u00f3n de un proyecto.<\/p>\n\n\n\n<p><strong>Pr\u00f3xima feria: regalos para las fiestas<\/strong><\/p>\n\n\n\n<p>Ser\u00e1 el 7 y 8 de diciembre, de 9 a 20 hs. El s\u00e1bado funcionar\u00e1 simult\u00e1neamente con el Eco Canje que se realizar\u00e1 en el Play\u00f3n, para que quienes\nse acerquen a traer materiales puedan recorrer los casi treinta stands instalados. El domingo 8, el horario ser\u00e1 el mismo y por la tarde habr\u00e1 un espect\u00e1culo de t\u00edteres con formato lampe-lampe,\nen el que cada uno de los chicos podr\u00e1 ver una funci\u00f3n de dos minutos en una caja.<\/p>\n\n\n\n<p>Los visitantes podr\u00e1n encontrar en la feria artesan\u00edas en cuero, herrer\u00eda, plater\u00eda, carpinter\u00eda, manualidades, pinturas, productos textiles, plantas,\ngastronom\u00eda y otras propuestas.<\/p>\n","protected":false},"excerpt":{"rendered":"<p>La iniciativa, surgida de la organizaci\u00f3n de un grupo de productores populares de la localidad, suma nuevos integrantes a la feria. El pr\u00f3ximo encuentro que tendr\u00e1 lugar en el Polideportivo&#8230;<\/p>\n","protected":false},"author":1,"featured_media":620006,"comment_status":"open","ping_status":"closed","sticky":false,"template":"","format":"standard","meta":{"_eb_attr":"","footnotes":""},"categories":[6,36],"tags":[],"class_list":["post-620023","post","type-post","status-publish","format-standard","has-post-thumbnail","hentry","category-agenda-de-eventos","category-eventos","wpcat-6-id","wpcat-36-id"],"_links":{"self":[{"href":"https:\/\/www.oroverde.com.ar\/web\/wp-json\/wp\/v2\/posts\/620023","targetHints":{"allow":["GET"]}}],"collection":[{"href":"https:\/\/www.oroverde.com.ar\/web\/wp-json\/wp\/v2\/posts"}],"about":[{"href":"https:\/\/www.oroverde.com.ar\/web\/wp-json\/wp\/v2\/types\/post"}],"author":[{"embeddable":true,"href":"https:\/\/www.oroverde.com.ar\/web\/wp-json\/wp\/v2\/users\/1"}],"replies":[{"embeddable":true,"href":"https:\/\/www.oroverde.com.ar\/web\/wp-json\/wp\/v2\/comments?post=620023"}],"version-history":[{"count":1,"href":"https:\/\/www.oroverde.com.ar\/web\/wp-json\/wp\/v2\/posts\/620023\/revisions"}],"predecessor-version":[{"id":620024,"href":"https:\/\/www.oroverde.com.ar\/web\/wp-json\/wp\/v2\/posts\/620023\/revisions\/620024"}],"wp:featuredmedia":[{"embeddable":true,"href":"https:\/\/www.oroverde.com.ar\/web\/wp-json\/wp\/v2\/media\/620006"}],"wp:attachment":[{"href":"https:\/\/www.oroverde.com.ar\/web\/wp-json\/wp\/v2\/media?parent=620023"}],"wp:term":[{"taxonomy":"category","embeddable":true,"href":"https:\/\/www.oroverde.com.ar\/web\/wp-json\/wp\/v2\/categories?post=620023"},{"taxonomy":"post_tag","embeddable":true,"href":"https:\/\/www.oroverde.com.ar\/web\/wp-json\/wp\/v2\/tags?post=620023"}],"curies":[{"name":"wp","href":"https:\/\/api.w.org\/{rel}","templated":true}]}}