{"id":620872,"date":"2020-08-04T16:40:11","date_gmt":"2020-08-04T19:40:11","guid":{"rendered":"https:\/\/www.oroverde.com.ar\/web\/?p=620872"},"modified":"2020-08-04T16:40:13","modified_gmt":"2020-08-04T19:40:13","slug":"esta-vigente-la-prohibicion-de-reuniones-familiares-y-sociales","status":"publish","type":"post","link":"https:\/\/www.oroverde.com.ar\/web\/esta-vigente-la-prohibicion-de-reuniones-familiares-y-sociales\/","title":{"rendered":"Est\u00e1 vigente la prohibici\u00f3n de reuniones familiares y sociales"},"content":{"rendered":"\n<p>El Municipio informa que est\u00e1 vigente el decreto N\u00b0641\/2020 en toda la provincia y en nuestra localidad, que entre otras disposiciones, deja expresamente prohibidas hasta el 16 de agosto las reuniones sociales y familiares en la etapa de distanciamiento social preventivo y obligatorio. Cabe se\u00f1alar que en el caso de Entre R\u00edos, las reuniones sociales no estaban habilitadas.<\/p>\n\n\n\n<p>Las precisiones acerca del alcance&nbsp;de este decreto, se encuentran en el art.9 inc.2) que establece \u00abQuedan prohibidos los eventos sociales o familiares en espacios cerrados y en los domicilios de las personas, en todos los casos y cualquiera sea el n\u00famero de concurrentes, salvo el grupo conviviente. La infracci\u00f3n a esta norma deber\u00e1 ser denunciada por la autoridad interviniente a fin de que la autoridad competente determine si se cometieron los delitos previstos en los art\u00edculos 205 y 239 del C\u00f3digo Penal de la Naci\u00f3n\u00bb.<\/p>\n\n\n\n<p>Sobre la aplicaci\u00f3n de la norma, se trabajar\u00e1 conjuntamente entre las fuerzas provinciales y los agentes municipales.<br>Tambi\u00e9n se proh\u00edbe la realizaci\u00f3n de \u201ceventos culturales, recreativos y religiosos en espacios p\u00fablicos o privados con concurrencia mayor a diez personas\u201d, por lo que la Feria de Productores Populares pensada para este fin de semana no podr\u00e1 realizarse.<\/p>\n\n\n\n<p>Sobre la medida, el intendente Oscar Toledo, precis\u00f3 \u201csabemos que es un esfuerzo a esta altura despu\u00e9s del aislamiento y en la etapa de distanciamiento, pero los especialistas coinciden en que los contagios se est\u00e1n produciendo en estos dos tipos de reuniones en los domicilios y esa es la raz\u00f3n de la medida que tom\u00f3 el Gobierno nacional. Tenemos que cuidarnos m\u00e1s que nunca para seguir volviendo poco a poco a tener una localidad lo m\u00e1s parecida posible a la normalidad a la que estamos acostumbrados\u201d.<\/p>\n","protected":false},"excerpt":{"rendered":"<p>El Municipio informa que est\u00e1 vigente el decreto N\u00b0641\/2020 en toda la provincia y en nuestra localidad, que entre otras disposiciones, deja expresamente prohibidas hasta el 16 de agosto las&#8230;<\/p>\n","protected":false},"author":1,"featured_media":620873,"comment_status":"open","ping_status":"closed","sticky":false,"template":"","format":"standard","meta":{"_eb_attr":"","footnotes":""},"categories":[80],"tags":[],"class_list":["post-620872","post","type-post","status-publish","format-standard","has-post-thumbnail","hentry","category-covid-19","wpcat-80-id"],"_links":{"self":[{"href":"https:\/\/www.oroverde.com.ar\/web\/wp-json\/wp\/v2\/posts\/620872","targetHints":{"allow":["GET"]}}],"collection":[{"href":"https:\/\/www.oroverde.com.ar\/web\/wp-json\/wp\/v2\/posts"}],"about":[{"href":"https:\/\/www.oroverde.com.ar\/web\/wp-json\/wp\/v2\/types\/post"}],"author":[{"embeddable":true,"href":"https:\/\/www.oroverde.com.ar\/web\/wp-json\/wp\/v2\/users\/1"}],"replies":[{"embeddable":true,"href":"https:\/\/www.oroverde.com.ar\/web\/wp-json\/wp\/v2\/comments?post=620872"}],"version-history":[{"count":1,"href":"https:\/\/www.oroverde.com.ar\/web\/wp-json\/wp\/v2\/posts\/620872\/revisions"}],"predecessor-version":[{"id":620874,"href":"https:\/\/www.oroverde.com.ar\/web\/wp-json\/wp\/v2\/posts\/620872\/revisions\/620874"}],"wp:featuredmedia":[{"embeddable":true,"href":"https:\/\/www.oroverde.com.ar\/web\/wp-json\/wp\/v2\/media\/620873"}],"wp:attachment":[{"href":"https:\/\/www.oroverde.com.ar\/web\/wp-json\/wp\/v2\/media?parent=620872"}],"wp:term":[{"taxonomy":"category","embeddable":true,"href":"https:\/\/www.oroverde.com.ar\/web\/wp-json\/wp\/v2\/categories?post=620872"},{"taxonomy":"post_tag","embeddable":true,"href":"https:\/\/www.oroverde.com.ar\/web\/wp-json\/wp\/v2\/tags?post=620872"}],"curies":[{"name":"wp","href":"https:\/\/api.w.org\/{rel}","templated":true}]}}