{"id":620887,"date":"2020-08-07T19:07:00","date_gmt":"2020-08-07T22:07:00","guid":{"rendered":"https:\/\/www.oroverde.com.ar\/web\/?p=620887"},"modified":"2020-08-11T19:16:28","modified_gmt":"2020-08-11T22:16:28","slug":"agosto-mes-de-la-ninez-en-oro-verde","status":"publish","type":"post","link":"https:\/\/www.oroverde.com.ar\/web\/agosto-mes-de-la-ninez-en-oro-verde\/","title":{"rendered":"Agosto: Mes de la Ni\u00f1ez en Oro Verde"},"content":{"rendered":"\n<p>Durante el mes de agosto el Municipio de Oro Verde festeja las infancias con sorteos, espect\u00e1culo v\u00eda redes sociales y una campa\u00f1a de difusi\u00f3n acerca de los derechos de la ni\u00f1ez.<\/p>\n\n\n\n<p>Las \u00e1reas de Cultura, Deporte y Comunicaci\u00f3n, proponen una serie de actividades durante el mes de agosto para los ni\u00f1os y ni\u00f1as en este contexto tan particular donde no se podr\u00e1n hacer las actividades habituales.<\/p>\n\n\n\n<p><strong>Semana de los derechos de la ni\u00f1ez:<\/strong><\/p>\n\n\n\n<p>Del 10 al 15 de agosto se realizar\u00e1 una campa\u00f1a de difusi\u00f3n en la que se abordar\u00e1n los derechos de los ni\u00f1os y ni\u00f1as por las redes sociales del Municipio.<\/p>\n\n\n\n<p><strong>Ciudad de colores y sorteo para los m\u00e1s chicos<\/strong><\/p>\n\n\n\n<p><strong>El Municipio propone a la comunidad decorar durante<\/strong> la semana del 16 al 23 de agosto los frentes de las casas en alusi\u00f3n a la ni\u00f1ez, y si es con materiales reciclados, mejor. La propuesta es compartir un momento con nuestros ni\u00f1os para despu\u00e9s tomar una fotograf\u00eda, y con ella participar del sorteo de regalos sorpresa para los m\u00e1s chicos (de 0 a 12 a\u00f1os). Los detalles para formar parte de la convocatoria ser\u00e1n anunciados en las redes sociales y p\u00e1gina web del Municipio el viernes 14 de agosto.<\/p>\n\n\n\n<p><strong>Espect\u00e1culo virtual de Eureka Payasa<\/strong><\/p>\n\n\n\n<p>El mes de la ni\u00f1ez terminar\u00e1 con un espect\u00e1culo virtual de Eureka Payasa que ser\u00e1 emitido por las redes sociales del Municipio. Saludar\u00e1 a nuestros chicos y har\u00e1 misteriosos trucos de magia.<\/p>\n","protected":false},"excerpt":{"rendered":"<p>Durante el mes de agosto el Municipio de Oro Verde festeja las infancias con sorteos, espect\u00e1culo v\u00eda redes sociales y una campa\u00f1a de difusi\u00f3n acerca de los derechos de la&#8230;<\/p>\n","protected":false},"author":1,"featured_media":620888,"comment_status":"open","ping_status":"closed","sticky":false,"template":"","format":"standard","meta":{"_eb_attr":"","footnotes":""},"categories":[6,36,35],"tags":[],"class_list":["post-620887","post","type-post","status-publish","format-standard","has-post-thumbnail","hentry","category-agenda-de-eventos","category-eventos","category-talleres","wpcat-6-id","wpcat-36-id","wpcat-35-id"],"_links":{"self":[{"href":"https:\/\/www.oroverde.com.ar\/web\/wp-json\/wp\/v2\/posts\/620887","targetHints":{"allow":["GET"]}}],"collection":[{"href":"https:\/\/www.oroverde.com.ar\/web\/wp-json\/wp\/v2\/posts"}],"about":[{"href":"https:\/\/www.oroverde.com.ar\/web\/wp-json\/wp\/v2\/types\/post"}],"author":[{"embeddable":true,"href":"https:\/\/www.oroverde.com.ar\/web\/wp-json\/wp\/v2\/users\/1"}],"replies":[{"embeddable":true,"href":"https:\/\/www.oroverde.com.ar\/web\/wp-json\/wp\/v2\/comments?post=620887"}],"version-history":[{"count":1,"href":"https:\/\/www.oroverde.com.ar\/web\/wp-json\/wp\/v2\/posts\/620887\/revisions"}],"predecessor-version":[{"id":620889,"href":"https:\/\/www.oroverde.com.ar\/web\/wp-json\/wp\/v2\/posts\/620887\/revisions\/620889"}],"wp:featuredmedia":[{"embeddable":true,"href":"https:\/\/www.oroverde.com.ar\/web\/wp-json\/wp\/v2\/media\/620888"}],"wp:attachment":[{"href":"https:\/\/www.oroverde.com.ar\/web\/wp-json\/wp\/v2\/media?parent=620887"}],"wp:term":[{"taxonomy":"category","embeddable":true,"href":"https:\/\/www.oroverde.com.ar\/web\/wp-json\/wp\/v2\/categories?post=620887"},{"taxonomy":"post_tag","embeddable":true,"href":"https:\/\/www.oroverde.com.ar\/web\/wp-json\/wp\/v2\/tags?post=620887"}],"curies":[{"name":"wp","href":"https:\/\/api.w.org\/{rel}","templated":true}]}}