{"id":620890,"date":"2020-08-07T19:16:00","date_gmt":"2020-08-07T22:16:00","guid":{"rendered":"https:\/\/www.oroverde.com.ar\/web\/?p=620890"},"modified":"2020-08-11T19:19:04","modified_gmt":"2020-08-11T22:19:04","slug":"reunion-sobre-el-plan-de-manejo-del-jardin-botanico","status":"publish","type":"post","link":"https:\/\/www.oroverde.com.ar\/web\/reunion-sobre-el-plan-de-manejo-del-jardin-botanico\/","title":{"rendered":"Reuni\u00f3n sobre el Plan de Manejo del Jard\u00edn Bot\u00e1nico"},"content":{"rendered":"\n<p>Se realiz\u00f3 una reuni\u00f3n en la Facultad de Ciencias Agropecuarias de la UNER para avanzar sobre el plan de manejo del Jard\u00edn Bot\u00e1nico de Oro Verde ante los nuevos requerimientos establecidos por la Ley Provincial 10.479 sobre el Sistema de \u00c1reas Naturales Protegida en el territorio de la Provincia de Entre R\u00edos.<\/p>\n\n\n\n<p>Particip\u00f3 en representaci\u00f3n del Municipio de Oro Verde, el Secretario de Gobierno, Milton Dum\u00e9, el director de \u00c1reas Protegidas de la Secretar\u00eda de Ambiente de Entre R\u00edos, Alfredo Berduc, autoridades de la facultad e integrantes del Jard\u00edn Bot\u00e1nico.<\/p>\n\n\n\n<p>Si bien el Jard\u00edn Bot\u00e1nico local es una Reserva Natural Manejada, los cambios en esta ley provincial, implican la revisi\u00f3n y actualizaci\u00f3n de los planes de manejo para ajustarse a las nuevas exigencias.<\/p>\n\n\n\n<p>Al final del encuentro, quienes participaron recorrieron el predio del Jard\u00edn Bot\u00e1nico.<\/p>\n\n\n\n<p class=\"has-text-align-right\"><strong>Fuente<\/strong>: Prensa Facultad de Ciencias Agropecuarias<\/p>\n","protected":false},"excerpt":{"rendered":"<p>Se realiz\u00f3 una reuni\u00f3n en la Facultad de Ciencias Agropecuarias de la UNER para avanzar sobre el plan de manejo del Jard\u00edn Bot\u00e1nico de Oro Verde ante los nuevos requerimientos&#8230;<\/p>\n","protected":false},"author":1,"featured_media":620891,"comment_status":"open","ping_status":"closed","sticky":false,"template":"","format":"standard","meta":{"_eb_attr":"","footnotes":""},"categories":[32],"tags":[],"class_list":["post-620890","post","type-post","status-publish","format-standard","has-post-thumbnail","hentry","category-ambiente-saludable","wpcat-32-id"],"_links":{"self":[{"href":"https:\/\/www.oroverde.com.ar\/web\/wp-json\/wp\/v2\/posts\/620890","targetHints":{"allow":["GET"]}}],"collection":[{"href":"https:\/\/www.oroverde.com.ar\/web\/wp-json\/wp\/v2\/posts"}],"about":[{"href":"https:\/\/www.oroverde.com.ar\/web\/wp-json\/wp\/v2\/types\/post"}],"author":[{"embeddable":true,"href":"https:\/\/www.oroverde.com.ar\/web\/wp-json\/wp\/v2\/users\/1"}],"replies":[{"embeddable":true,"href":"https:\/\/www.oroverde.com.ar\/web\/wp-json\/wp\/v2\/comments?post=620890"}],"version-history":[{"count":1,"href":"https:\/\/www.oroverde.com.ar\/web\/wp-json\/wp\/v2\/posts\/620890\/revisions"}],"predecessor-version":[{"id":620892,"href":"https:\/\/www.oroverde.com.ar\/web\/wp-json\/wp\/v2\/posts\/620890\/revisions\/620892"}],"wp:featuredmedia":[{"embeddable":true,"href":"https:\/\/www.oroverde.com.ar\/web\/wp-json\/wp\/v2\/media\/620891"}],"wp:attachment":[{"href":"https:\/\/www.oroverde.com.ar\/web\/wp-json\/wp\/v2\/media?parent=620890"}],"wp:term":[{"taxonomy":"category","embeddable":true,"href":"https:\/\/www.oroverde.com.ar\/web\/wp-json\/wp\/v2\/categories?post=620890"},{"taxonomy":"post_tag","embeddable":true,"href":"https:\/\/www.oroverde.com.ar\/web\/wp-json\/wp\/v2\/tags?post=620890"}],"curies":[{"name":"wp","href":"https:\/\/api.w.org\/{rel}","templated":true}]}}