{"id":620899,"date":"2020-08-11T19:25:30","date_gmt":"2020-08-11T22:25:30","guid":{"rendered":"https:\/\/www.oroverde.com.ar\/web\/?p=620899"},"modified":"2020-08-11T19:25:32","modified_gmt":"2020-08-11T22:25:32","slug":"avanza-la-edificacion-del-jardin-maternal-municipal","status":"publish","type":"post","link":"https:\/\/www.oroverde.com.ar\/web\/avanza-la-edificacion-del-jardin-maternal-municipal\/","title":{"rendered":"Avanza la edificaci\u00f3n del Jard\u00edn Maternal municipal"},"content":{"rendered":"\n<p>Contin\u00faa la construcci\u00f3n del Jard\u00edn Maternal municipal. Durante estos d\u00edas, personal municipal levanta las paredes de este edificio, el cual contar\u00e1 con m\u00faltiples espacios. Esta obra se realiza \u00edntegramente con recursos municipales.<\/p>\n\n\n\n<p>Recordamos que este jard\u00edn, ubicado sobre Av. Los Cha\u00f1ares, entre Av. Intendente del Castillo y Los Cardenales, estar\u00e1 destinado a beb\u00e9s de 45 d\u00edas hasta los tres a\u00f1os y permitir\u00e1 contar con&nbsp;un espacio que brindar\u00e1 las condiciones necesarias para el cuidado de ni\u00f1os y ni\u00f1as en la localidad.<\/p>\n\n\n\n<p>Esta obra abarca cuatro salas que estar\u00e1n totalmente equipadas, una para lactantes y tres para beb\u00e9s de uno, dos y tres a\u00f1os respectivamente. Adem\u00e1s, el edificio tendr\u00e1 un sector de administraci\u00f3n y un patio central con un gran espacio verde y galer\u00eda. Tambi\u00e9n, dispondr\u00e1 de un sector de servicios con un sector para el personal de maestranza, ba\u00f1os acondicionados para personas con discapacidades motrices, lockers, un dep\u00f3sito, cocina, junto a un sector exclusivo para el preparado de mamaderas y una sala de primeros auxilios. Hacia el final del predio tambi\u00e9n habr\u00e1 un espacio verde que tendr\u00e1 juegos.<\/p>\n","protected":false},"excerpt":{"rendered":"<p>Contin\u00faa la construcci\u00f3n del Jard\u00edn Maternal municipal. Durante estos d\u00edas, personal municipal levanta las paredes de este edificio, el cual contar\u00e1 con m\u00faltiples espacios. Esta obra se realiza \u00edntegramente con&#8230;<\/p>\n","protected":false},"author":1,"featured_media":620900,"comment_status":"open","ping_status":"closed","sticky":false,"template":"","format":"standard","meta":{"_eb_attr":"","footnotes":""},"categories":[33],"tags":[],"class_list":["post-620899","post","type-post","status-publish","format-standard","has-post-thumbnail","hentry","category-obras","wpcat-33-id"],"_links":{"self":[{"href":"https:\/\/www.oroverde.com.ar\/web\/wp-json\/wp\/v2\/posts\/620899","targetHints":{"allow":["GET"]}}],"collection":[{"href":"https:\/\/www.oroverde.com.ar\/web\/wp-json\/wp\/v2\/posts"}],"about":[{"href":"https:\/\/www.oroverde.com.ar\/web\/wp-json\/wp\/v2\/types\/post"}],"author":[{"embeddable":true,"href":"https:\/\/www.oroverde.com.ar\/web\/wp-json\/wp\/v2\/users\/1"}],"replies":[{"embeddable":true,"href":"https:\/\/www.oroverde.com.ar\/web\/wp-json\/wp\/v2\/comments?post=620899"}],"version-history":[{"count":1,"href":"https:\/\/www.oroverde.com.ar\/web\/wp-json\/wp\/v2\/posts\/620899\/revisions"}],"predecessor-version":[{"id":620901,"href":"https:\/\/www.oroverde.com.ar\/web\/wp-json\/wp\/v2\/posts\/620899\/revisions\/620901"}],"wp:featuredmedia":[{"embeddable":true,"href":"https:\/\/www.oroverde.com.ar\/web\/wp-json\/wp\/v2\/media\/620900"}],"wp:attachment":[{"href":"https:\/\/www.oroverde.com.ar\/web\/wp-json\/wp\/v2\/media?parent=620899"}],"wp:term":[{"taxonomy":"category","embeddable":true,"href":"https:\/\/www.oroverde.com.ar\/web\/wp-json\/wp\/v2\/categories?post=620899"},{"taxonomy":"post_tag","embeddable":true,"href":"https:\/\/www.oroverde.com.ar\/web\/wp-json\/wp\/v2\/tags?post=620899"}],"curies":[{"name":"wp","href":"https:\/\/api.w.org\/{rel}","templated":true}]}}