{"id":620938,"date":"2020-08-19T17:53:00","date_gmt":"2020-08-19T20:53:00","guid":{"rendered":"https:\/\/www.oroverde.com.ar\/web\/?p=620938"},"modified":"2020-08-24T17:55:32","modified_gmt":"2020-08-24T20:55:32","slug":"jardin-maternal-municipal-una-obra-clave-que-avanza-en-su-construccion","status":"publish","type":"post","link":"https:\/\/www.oroverde.com.ar\/web\/jardin-maternal-municipal-una-obra-clave-que-avanza-en-su-construccion\/","title":{"rendered":"Jard\u00edn Maternal Municipal: una obra clave que avanza en su construcci\u00f3n"},"content":{"rendered":"\n<p>La estructura del Jard\u00edn Maternal municipal ya presenta importantes avances en su edificaci\u00f3n. Personal municipal avanza con los trabajos en los diferentes espacios con los que contar\u00e1 este jard\u00edn ubicado sobre Av. Los Cha\u00f1ares, entre Av. Intendente del Castillo y Los Cardenales.<\/p>\n\n\n\n<p>Estar\u00e1 destinado a beb\u00e9s de 45 d\u00edas hasta los tres a\u00f1os y brindar\u00e1 los cuidados necesarios para el cuidado de ni\u00f1os y ni\u00f1as de la localidad en sus primeros a\u00f1os de vida.<\/p>\n\n\n\n<p>Con el avance que ya presenta la obra pueden visualizarse las distintas salas. Ser\u00e1n cuatro que estar\u00e1n totalmente equipadas, donde habr\u00e1 una para lactantes y tres para beb\u00e9s de uno, dos y tres a\u00f1os respectivamente.<\/p>\n\n\n\n<p>Adem\u00e1s, el edificio tendr\u00e1 un sector de administraci\u00f3n y un patio central con un gran espacio verde y galer\u00eda. Dispondr\u00e1 de un sector de servicios con un espacio para el personal de maestranza, ba\u00f1os acondicionados para personas con discapacidades motrices, lockers, un dep\u00f3sito, cocina, junto a un sector exclusivo para el preparado de mamaderas y una sala de primeros auxilios.<\/p>\n\n\n\n<p>Hacia el final del predio habr\u00e1 un espacio verde que tendr\u00e1 juegos para que los ni\u00f1os y las ni\u00f1as puedan realizar actividades recreativas.<\/p>\n\n\n\n<p>Vale recordar, esta obra se realiza \u00edntegramente con recursos municipales.<\/p>\n","protected":false},"excerpt":{"rendered":"<p>La estructura del Jard\u00edn Maternal municipal ya presenta importantes avances en su edificaci\u00f3n. Personal municipal avanza con los trabajos en los diferentes espacios con los que contar\u00e1 este jard\u00edn ubicado&#8230;<\/p>\n","protected":false},"author":1,"featured_media":620939,"comment_status":"open","ping_status":"closed","sticky":false,"template":"","format":"standard","meta":{"_eb_attr":"","footnotes":""},"categories":[33],"tags":[],"class_list":["post-620938","post","type-post","status-publish","format-standard","has-post-thumbnail","hentry","category-obras","wpcat-33-id"],"_links":{"self":[{"href":"https:\/\/www.oroverde.com.ar\/web\/wp-json\/wp\/v2\/posts\/620938","targetHints":{"allow":["GET"]}}],"collection":[{"href":"https:\/\/www.oroverde.com.ar\/web\/wp-json\/wp\/v2\/posts"}],"about":[{"href":"https:\/\/www.oroverde.com.ar\/web\/wp-json\/wp\/v2\/types\/post"}],"author":[{"embeddable":true,"href":"https:\/\/www.oroverde.com.ar\/web\/wp-json\/wp\/v2\/users\/1"}],"replies":[{"embeddable":true,"href":"https:\/\/www.oroverde.com.ar\/web\/wp-json\/wp\/v2\/comments?post=620938"}],"version-history":[{"count":1,"href":"https:\/\/www.oroverde.com.ar\/web\/wp-json\/wp\/v2\/posts\/620938\/revisions"}],"predecessor-version":[{"id":620940,"href":"https:\/\/www.oroverde.com.ar\/web\/wp-json\/wp\/v2\/posts\/620938\/revisions\/620940"}],"wp:featuredmedia":[{"embeddable":true,"href":"https:\/\/www.oroverde.com.ar\/web\/wp-json\/wp\/v2\/media\/620939"}],"wp:attachment":[{"href":"https:\/\/www.oroverde.com.ar\/web\/wp-json\/wp\/v2\/media?parent=620938"}],"wp:term":[{"taxonomy":"category","embeddable":true,"href":"https:\/\/www.oroverde.com.ar\/web\/wp-json\/wp\/v2\/categories?post=620938"},{"taxonomy":"post_tag","embeddable":true,"href":"https:\/\/www.oroverde.com.ar\/web\/wp-json\/wp\/v2\/tags?post=620938"}],"curies":[{"name":"wp","href":"https:\/\/api.w.org\/{rel}","templated":true}]}}